{"id":948,"date":"2026-04-29T18:24:49","date_gmt":"2026-04-29T18:24:49","guid":{"rendered":"https:\/\/surestegc.org\/?p=948"},"modified":"2026-04-29T18:24:49","modified_gmt":"2026-04-29T18:24:49","slug":"el-sureste-de-gran-canaria-aborda-el-uso-de-residuos-textiles-como-energia-para-un-futuro-mas-verde","status":"publish","type":"post","link":"https:\/\/surestegc.org\/index.php\/2026\/04\/29\/el-sureste-de-gran-canaria-aborda-el-uso-de-residuos-textiles-como-energia-para-un-futuro-mas-verde\/","title":{"rendered":"El sureste de Gran Canaria aborda el uso de residuos textiles como \u201cenerg\u00eda\u201d para un futuro m\u00e1s verde"},"content":{"rendered":"\n<p><strong>El XIX Seminario Internacional de Comarcas Sostenibles finaliz\u00f3 este 29 de abril reflexionando sobre la contaminaci\u00f3n derivada de los residuos textiles y aportando soluciones para revertir esta situaci\u00f3n<\/strong><\/p>\n\n\n\n<p>La Mancomunidad del Sureste de Gran Canaria concluy\u00f3 este mi\u00e9rcoles 29 de abril, en el Teatro Federico Garc\u00eda Lorca de Ingenio, la XIX edici\u00f3n del Seminario Internacional de Comarcas Sostenibles. Centrado este a\u00f1o en la econom\u00eda circular y la valorizaci\u00f3n y gesti\u00f3n de residuos en islas y territorios aislados, el foro cerr\u00f3 con una reflexi\u00f3n sobre la contaminaci\u00f3n derivada de textiles y residuos industriales y pesqueros y c\u00f3mo se puede revertir reciclando o convirtiendo estos materiales en \u201ccarburantes verdes\u201d.<\/p>\n\n\n\n<p><strong>Los residuos textiles como la \u201cenerg\u00eda\u201d del ma\u00f1ana<\/strong><\/p>\n\n\n\n<p>Cody Pope, experto en riesgos geopol\u00edticos con enfoque en el conflicto h\u00eddrico y el nexo entre agua, comida y energ\u00eda, fue el primer ponente de la tarde con su exposici\u00f3n \u201cFlujos dif\u00edciles de reciclar: convertir en valor los desechos textiles y la pesca compuesta\u201d. Durante su ponencia, Pope incidi\u00f3 en la valorizaci\u00f3n energ\u00e9tica aplicada a los residuos textiles, abriendo una v\u00eda para la reutilizaci\u00f3n y la generaci\u00f3n de energ\u00eda a partir de la ropa o el calzado, entre otros. Esta opci\u00f3n promueve la econom\u00eda circular, dando una segunda vida a estos materiales y reduciendo el volumen de carburantes importados a trav\u00e9s de la producci\u00f3n de \u201ccombustibles verdes\u201d.<\/p>\n\n\n\n<p>Seguidamente fue el turno de Rub\u00e9n Paz, Ingeniero Industrial con m\u00e1ster en Sistemas Inteligentes y Aplicaciones Num\u00e9ricas en Ingenier\u00eda y Doctor por la Universidad de Las Palmas de Gran Canaria, con la ponencia \u201cResiduos textiles como fuente de recursos en islas de la Macaronesia\u201d. Paz abord\u00f3 la Ley de Residuos y Suelos Contaminados para una Econom\u00eda Circular explicando la jerarqu\u00eda de los recursos, que establece los niveles deseables de sostenibilidad en el tratamiento de desechos o residuos (prevenci\u00f3n, reutilizaci\u00f3n, reciclaje, valorizaci\u00f3n energ\u00e9tica u otros tipos de valorizaci\u00f3n y eliminaci\u00f3n). El acad\u00e9mico mostr\u00f3 adem\u00e1s la situaci\u00f3n actual de los residuos generados por la industria textil y los obst\u00e1culos que enfrentan los territorios aislados para gestionarlos.<\/p>\n\n\n\n<p><strong>La relaci\u00f3n isle\u00f1a con los residuos textiles<\/strong><\/p>\n\n\n\n<p>El XIX Seminario Internacional de Comarcas Sostenibles puso punto y final con la mesa redonda \u201cResiduos textiles como oportunidad para las islas y los territorios aislados\u201d, donde participaron Paz; Alberto Egido, ingeniero senior por la Universidad Polit\u00e9cnica de Madrid y responsable de Medio Ambiente y Sostenibilidad de Moda re-; Alberto Fern\u00e1ndez, Director de Operaciones de RE-VISTE; y Ra\u00fal Garc\u00eda Brink, consejero de Medio Ambiente, Clima, Energ\u00eda y Conocimiento del Cabildo de Gran Canaria. El debate puso sobre la mesa las diferentes iniciativas que est\u00e1n en proceso o ya funcionando en territorios perif\u00e9ricos, como el archipi\u00e9lago canario, para gestionar de manera sostenible los recursos textiles procedentes de \u00e1mbitos tan diferentes como el tur\u00edstico o el industrial.<\/p>\n\n\n\n<figure class=\"wp-block-gallery has-nested-images columns-default is-cropped wp-block-gallery-1 is-layout-flex wp-block-gallery-is-layout-flex\">\n<figure class=\"wp-block-image size-large\"><img loading=\"lazy\" decoding=\"async\" width=\"1024\" height=\"768\" data-id=\"952\" src=\"https:\/\/surestegc.org\/wp-content\/uploads\/2026\/04\/Cody-Pope-1024x768.jpeg\" alt=\"\" class=\"wp-image-952\" srcset=\"https:\/\/surestegc.org\/wp-content\/uploads\/2026\/04\/Cody-Pope-1024x768.jpeg 1024w, https:\/\/surestegc.org\/wp-content\/uploads\/2026\/04\/Cody-Pope-300x225.jpeg 300w, https:\/\/surestegc.org\/wp-content\/uploads\/2026\/04\/Cody-Pope-768x576.jpeg 768w, https:\/\/surestegc.org\/wp-content\/uploads\/2026\/04\/Cody-Pope-1536x1152.jpeg 1536w, https:\/\/surestegc.org\/wp-content\/uploads\/2026\/04\/Cody-Pope-195x146.jpeg 195w, https:\/\/surestegc.org\/wp-content\/uploads\/2026\/04\/Cody-Pope-50x38.jpeg 50w, https:\/\/surestegc.org\/wp-content\/uploads\/2026\/04\/Cody-Pope-100x75.jpeg 100w, https:\/\/surestegc.org\/wp-content\/uploads\/2026\/04\/Cody-Pope-960x720.jpeg 960w, https:\/\/surestegc.org\/wp-content\/uploads\/2026\/04\/Cody-Pope.jpeg 2048w\" sizes=\"auto, (max-width: 1024px) 100vw, 1024px\" \/><\/figure>\n\n\n\n<figure class=\"wp-block-image size-large\"><img loading=\"lazy\" decoding=\"async\" width=\"1024\" height=\"768\" data-id=\"951\" src=\"https:\/\/surestegc.org\/wp-content\/uploads\/2026\/04\/Cody-Pope-2-1024x768.jpeg\" alt=\"\" class=\"wp-image-951\" srcset=\"https:\/\/surestegc.org\/wp-content\/uploads\/2026\/04\/Cody-Pope-2-1024x768.jpeg 1024w, https:\/\/surestegc.org\/wp-content\/uploads\/2026\/04\/Cody-Pope-2-300x225.jpeg 300w, https:\/\/surestegc.org\/wp-content\/uploads\/2026\/04\/Cody-Pope-2-768x576.jpeg 768w, https:\/\/surestegc.org\/wp-content\/uploads\/2026\/04\/Cody-Pope-2-1536x1152.jpeg 1536w, https:\/\/surestegc.org\/wp-content\/uploads\/2026\/04\/Cody-Pope-2-195x146.jpeg 195w, https:\/\/surestegc.org\/wp-content\/uploads\/2026\/04\/Cody-Pope-2-50x38.jpeg 50w, https:\/\/surestegc.org\/wp-content\/uploads\/2026\/04\/Cody-Pope-2-100x75.jpeg 100w, https:\/\/surestegc.org\/wp-content\/uploads\/2026\/04\/Cody-Pope-2-960x720.jpeg 960w, https:\/\/surestegc.org\/wp-content\/uploads\/2026\/04\/Cody-Pope-2.jpeg 2048w\" sizes=\"auto, (max-width: 1024px) 100vw, 1024px\" \/><\/figure>\n\n\n\n<figure class=\"wp-block-image size-large\"><img loading=\"lazy\" decoding=\"async\" width=\"1024\" height=\"768\" data-id=\"950\" src=\"https:\/\/surestegc.org\/wp-content\/uploads\/2026\/04\/Ruben-Paz-1024x768.jpeg\" alt=\"\" class=\"wp-image-950\" srcset=\"https:\/\/surestegc.org\/wp-content\/uploads\/2026\/04\/Ruben-Paz-1024x768.jpeg 1024w, https:\/\/surestegc.org\/wp-content\/uploads\/2026\/04\/Ruben-Paz-300x225.jpeg 300w, https:\/\/surestegc.org\/wp-content\/uploads\/2026\/04\/Ruben-Paz-768x576.jpeg 768w, https:\/\/surestegc.org\/wp-content\/uploads\/2026\/04\/Ruben-Paz-1536x1152.jpeg 1536w, https:\/\/surestegc.org\/wp-content\/uploads\/2026\/04\/Ruben-Paz-195x146.jpeg 195w, https:\/\/surestegc.org\/wp-content\/uploads\/2026\/04\/Ruben-Paz-50x38.jpeg 50w, https:\/\/surestegc.org\/wp-content\/uploads\/2026\/04\/Ruben-Paz-100x75.jpeg 100w, https:\/\/surestegc.org\/wp-content\/uploads\/2026\/04\/Ruben-Paz-960x720.jpeg 960w, https:\/\/surestegc.org\/wp-content\/uploads\/2026\/04\/Ruben-Paz.jpeg 2048w\" sizes=\"auto, (max-width: 1024px) 100vw, 1024px\" \/><\/figure>\n\n\n\n<figure class=\"wp-block-image size-large\"><img loading=\"lazy\" decoding=\"async\" width=\"1024\" height=\"768\" data-id=\"953\" src=\"https:\/\/surestegc.org\/wp-content\/uploads\/2026\/04\/Ruben-Paz-2-1024x768.jpeg\" alt=\"\" class=\"wp-image-953\" srcset=\"https:\/\/surestegc.org\/wp-content\/uploads\/2026\/04\/Ruben-Paz-2-1024x768.jpeg 1024w, https:\/\/surestegc.org\/wp-content\/uploads\/2026\/04\/Ruben-Paz-2-300x225.jpeg 300w, https:\/\/surestegc.org\/wp-content\/uploads\/2026\/04\/Ruben-Paz-2-768x576.jpeg 768w, https:\/\/surestegc.org\/wp-content\/uploads\/2026\/04\/Ruben-Paz-2-1536x1152.jpeg 1536w, https:\/\/surestegc.org\/wp-content\/uploads\/2026\/04\/Ruben-Paz-2-195x146.jpeg 195w, https:\/\/surestegc.org\/wp-content\/uploads\/2026\/04\/Ruben-Paz-2-50x38.jpeg 50w, https:\/\/surestegc.org\/wp-content\/uploads\/2026\/04\/Ruben-Paz-2-100x75.jpeg 100w, https:\/\/surestegc.org\/wp-content\/uploads\/2026\/04\/Ruben-Paz-2-960x720.jpeg 960w, https:\/\/surestegc.org\/wp-content\/uploads\/2026\/04\/Ruben-Paz-2.jpeg 2048w\" sizes=\"auto, (max-width: 1024px) 100vw, 1024px\" \/><\/figure>\n<\/figure>\n","protected":false},"excerpt":{"rendered":"<p>El XIX Seminario Internacional de Comarcas Sostenibles finaliz\u00f3 este 29 de abril reflexionando sobre la contaminaci\u00f3n derivada de los residuos textiles y aportando soluciones para revertir<span class=\"excerpt-hellip\"> [\u2026]<\/span><\/p>\n","protected":false},"author":4,"featured_media":949,"comment_status":"open","ping_status":"open","sticky":false,"template":"","format":"standard","meta":{"footnotes":""},"categories":[3],"tags":[],"class_list":["post-948","post","type-post","status-publish","format-standard","has-post-thumbnail","hentry","category-noticias"],"yoast_head":"<!-- This site is optimized with the Yoast SEO plugin v27.0 - https:\/\/yoast.com\/product\/yoast-seo-wordpress\/ -->\n<title>El sureste de Gran Canaria aborda el uso de residuos textiles como \u201cenerg\u00eda\u201d para un futuro m\u00e1s verde - Mancomunidad Sureste de Gran Canaria<\/title>\n<meta name=\"robots\" content=\"noindex, follow, max-snippet:-1, max-image-preview:large, max-video-preview:-1\" \/>\n<meta property=\"og:locale\" content=\"es_ES\" \/>\n<meta property=\"og:type\" content=\"article\" \/>\n<meta property=\"og:title\" content=\"El sureste de Gran Canaria aborda el uso de residuos textiles como \u201cenerg\u00eda\u201d para un futuro m\u00e1s verde - Mancomunidad Sureste de Gran Canaria\" \/>\n<meta property=\"og:description\" content=\"El XIX Seminario Internacional de Comarcas Sostenibles finaliz\u00f3 este 29 de abril reflexionando sobre la contaminaci\u00f3n derivada de los residuos textiles y aportando soluciones para revertir [\u2026]\" \/>\n<meta property=\"og:url\" content=\"https:\/\/surestegc.org\/index.php\/2026\/04\/29\/el-sureste-de-gran-canaria-aborda-el-uso-de-residuos-textiles-como-energia-para-un-futuro-mas-verde\/\" \/>\n<meta property=\"og:site_name\" content=\"Mancomunidad Sureste de Gran Canaria\" \/>\n<meta property=\"article:published_time\" content=\"2026-04-29T18:24:49+00:00\" \/>\n<meta property=\"og:image\" content=\"https:\/\/surestegc.org\/wp-content\/uploads\/2026\/04\/Segunda-jornada-XIX-Seminario-Internacional-de-Comarcas-Sostenibles.jpeg\" \/>\n\t<meta property=\"og:image:width\" content=\"2048\" \/>\n\t<meta property=\"og:image:height\" content=\"1536\" \/>\n\t<meta property=\"og:image:type\" content=\"image\/jpeg\" \/>\n<meta name=\"author\" content=\"prensa\" \/>\n<meta name=\"twitter:card\" content=\"summary_large_image\" \/>\n<meta name=\"twitter:label1\" content=\"Escrito por\" \/>\n\t<meta name=\"twitter:data1\" content=\"prensa\" \/>\n\t<meta name=\"twitter:label2\" content=\"Tiempo de lectura\" \/>\n\t<meta name=\"twitter:data2\" content=\"4 minutos\" \/>\n<script type=\"application\/ld+json\" class=\"yoast-schema-graph\">{\"@context\":\"https:\/\/schema.org\",\"@graph\":[{\"@type\":\"Article\",\"@id\":\"https:\/\/surestegc.org\/index.php\/2026\/04\/29\/el-sureste-de-gran-canaria-aborda-el-uso-de-residuos-textiles-como-energia-para-un-futuro-mas-verde\/#article\",\"isPartOf\":{\"@id\":\"https:\/\/surestegc.org\/index.php\/2026\/04\/29\/el-sureste-de-gran-canaria-aborda-el-uso-de-residuos-textiles-como-energia-para-un-futuro-mas-verde\/\"},\"author\":{\"name\":\"prensa\",\"@id\":\"https:\/\/surestegc.org\/#\/schema\/person\/95f82da7710f9f262ab0e97c846c0b4a\"},\"headline\":\"El sureste de Gran Canaria aborda el uso de residuos textiles como \u201cenerg\u00eda\u201d para un futuro m\u00e1s verde\",\"datePublished\":\"2026-04-29T18:24:49+00:00\",\"mainEntityOfPage\":{\"@id\":\"https:\/\/surestegc.org\/index.php\/2026\/04\/29\/el-sureste-de-gran-canaria-aborda-el-uso-de-residuos-textiles-como-energia-para-un-futuro-mas-verde\/\"},\"wordCount\":532,\"commentCount\":0,\"publisher\":{\"@id\":\"https:\/\/surestegc.org\/#organization\"},\"image\":{\"@id\":\"https:\/\/surestegc.org\/index.php\/2026\/04\/29\/el-sureste-de-gran-canaria-aborda-el-uso-de-residuos-textiles-como-energia-para-un-futuro-mas-verde\/#primaryimage\"},\"thumbnailUrl\":\"https:\/\/surestegc.org\/wp-content\/uploads\/2026\/04\/Segunda-jornada-XIX-Seminario-Internacional-de-Comarcas-Sostenibles.jpeg\",\"articleSection\":[\"Noticias\"],\"inLanguage\":\"es\",\"potentialAction\":[{\"@type\":\"CommentAction\",\"name\":\"Comment\",\"target\":[\"https:\/\/surestegc.org\/index.php\/2026\/04\/29\/el-sureste-de-gran-canaria-aborda-el-uso-de-residuos-textiles-como-energia-para-un-futuro-mas-verde\/#respond\"]}]},{\"@type\":\"WebPage\",\"@id\":\"https:\/\/surestegc.org\/index.php\/2026\/04\/29\/el-sureste-de-gran-canaria-aborda-el-uso-de-residuos-textiles-como-energia-para-un-futuro-mas-verde\/\",\"url\":\"https:\/\/surestegc.org\/index.php\/2026\/04\/29\/el-sureste-de-gran-canaria-aborda-el-uso-de-residuos-textiles-como-energia-para-un-futuro-mas-verde\/\",\"name\":\"El sureste de Gran Canaria aborda el uso de residuos textiles como \u201cenerg\u00eda\u201d para un futuro m\u00e1s verde - Mancomunidad Sureste de Gran Canaria\",\"isPartOf\":{\"@id\":\"https:\/\/surestegc.org\/#website\"},\"primaryImageOfPage\":{\"@id\":\"https:\/\/surestegc.org\/index.php\/2026\/04\/29\/el-sureste-de-gran-canaria-aborda-el-uso-de-residuos-textiles-como-energia-para-un-futuro-mas-verde\/#primaryimage\"},\"image\":{\"@id\":\"https:\/\/surestegc.org\/index.php\/2026\/04\/29\/el-sureste-de-gran-canaria-aborda-el-uso-de-residuos-textiles-como-energia-para-un-futuro-mas-verde\/#primaryimage\"},\"thumbnailUrl\":\"https:\/\/surestegc.org\/wp-content\/uploads\/2026\/04\/Segunda-jornada-XIX-Seminario-Internacional-de-Comarcas-Sostenibles.jpeg\",\"datePublished\":\"2026-04-29T18:24:49+00:00\",\"breadcrumb\":{\"@id\":\"https:\/\/surestegc.org\/index.php\/2026\/04\/29\/el-sureste-de-gran-canaria-aborda-el-uso-de-residuos-textiles-como-energia-para-un-futuro-mas-verde\/#breadcrumb\"},\"inLanguage\":\"es\",\"potentialAction\":[{\"@type\":\"ReadAction\",\"target\":[\"https:\/\/surestegc.org\/index.php\/2026\/04\/29\/el-sureste-de-gran-canaria-aborda-el-uso-de-residuos-textiles-como-energia-para-un-futuro-mas-verde\/\"]}]},{\"@type\":\"ImageObject\",\"inLanguage\":\"es\",\"@id\":\"https:\/\/surestegc.org\/index.php\/2026\/04\/29\/el-sureste-de-gran-canaria-aborda-el-uso-de-residuos-textiles-como-energia-para-un-futuro-mas-verde\/#primaryimage\",\"url\":\"https:\/\/surestegc.org\/wp-content\/uploads\/2026\/04\/Segunda-jornada-XIX-Seminario-Internacional-de-Comarcas-Sostenibles.jpeg\",\"contentUrl\":\"https:\/\/surestegc.org\/wp-content\/uploads\/2026\/04\/Segunda-jornada-XIX-Seminario-Internacional-de-Comarcas-Sostenibles.jpeg\",\"width\":2048,\"height\":1536},{\"@type\":\"BreadcrumbList\",\"@id\":\"https:\/\/surestegc.org\/index.php\/2026\/04\/29\/el-sureste-de-gran-canaria-aborda-el-uso-de-residuos-textiles-como-energia-para-un-futuro-mas-verde\/#breadcrumb\",\"itemListElement\":[{\"@type\":\"ListItem\",\"position\":1,\"name\":\"Portada\",\"item\":\"https:\/\/surestegc.org\/\"},{\"@type\":\"ListItem\",\"position\":2,\"name\":\"El sureste de Gran Canaria aborda el uso de residuos textiles como \u201cenerg\u00eda\u201d para un futuro m\u00e1s verde\"}]},{\"@type\":\"WebSite\",\"@id\":\"https:\/\/surestegc.org\/#website\",\"url\":\"https:\/\/surestegc.org\/\",\"name\":\"Mancomunidad Sureste de Gran Canaria\",\"description\":\"La Mancomunidad Intermunicipal del Sureste de Gran Canaria, es una Mancomunidad situada en la isla de Gran Canaria, Espa\u00f1a, y que agrupa a los municipios de Santa Luc\u00eda de Tirajana, Ingenio y Ag\u00fcimes.\",\"publisher\":{\"@id\":\"https:\/\/surestegc.org\/#organization\"},\"potentialAction\":[{\"@type\":\"SearchAction\",\"target\":{\"@type\":\"EntryPoint\",\"urlTemplate\":\"https:\/\/surestegc.org\/?s={search_term_string}\"},\"query-input\":{\"@type\":\"PropertyValueSpecification\",\"valueRequired\":true,\"valueName\":\"search_term_string\"}}],\"inLanguage\":\"es\"},{\"@type\":\"Organization\",\"@id\":\"https:\/\/surestegc.org\/#organization\",\"name\":\"Mancomunidad Sureste de Gran Canaria\",\"url\":\"https:\/\/surestegc.org\/\",\"logo\":{\"@type\":\"ImageObject\",\"inLanguage\":\"es\",\"@id\":\"https:\/\/surestegc.org\/#\/schema\/logo\/image\/\",\"url\":\"https:\/\/surestegc.org\/wp-content\/uploads\/2023\/06\/cropped-Logo-Mancomunidad-so\u0301lo.png\",\"contentUrl\":\"https:\/\/surestegc.org\/wp-content\/uploads\/2023\/06\/cropped-Logo-Mancomunidad-so\u0301lo.png\",\"width\":200,\"height\":296,\"caption\":\"Mancomunidad Sureste de Gran Canaria\"},\"image\":{\"@id\":\"https:\/\/surestegc.org\/#\/schema\/logo\/image\/\"}},{\"@type\":\"Person\",\"@id\":\"https:\/\/surestegc.org\/#\/schema\/person\/95f82da7710f9f262ab0e97c846c0b4a\",\"name\":\"prensa\",\"image\":{\"@type\":\"ImageObject\",\"inLanguage\":\"es\",\"@id\":\"https:\/\/surestegc.org\/#\/schema\/person\/image\/\",\"url\":\"https:\/\/secure.gravatar.com\/avatar\/cc84ffa096c8a4e9256688e0867f139f995cc9fe3bb0a230705db48aaf3a6466?s=96&d=mm&r=g\",\"contentUrl\":\"https:\/\/secure.gravatar.com\/avatar\/cc84ffa096c8a4e9256688e0867f139f995cc9fe3bb0a230705db48aaf3a6466?s=96&d=mm&r=g\",\"caption\":\"prensa\"},\"url\":\"https:\/\/surestegc.org\/index.php\/author\/prensa\/\"}]}<\/script>\n<!-- \/ Yoast SEO plugin. -->","yoast_head_json":{"title":"El sureste de Gran Canaria aborda el uso de residuos textiles como \u201cenerg\u00eda\u201d para un futuro m\u00e1s verde - Mancomunidad Sureste de Gran Canaria","robots":{"index":"noindex","follow":"follow","max-snippet":"max-snippet:-1","max-image-preview":"max-image-preview:large","max-video-preview":"max-video-preview:-1"},"og_locale":"es_ES","og_type":"article","og_title":"El sureste de Gran Canaria aborda el uso de residuos textiles como \u201cenerg\u00eda\u201d para un futuro m\u00e1s verde - Mancomunidad Sureste de Gran Canaria","og_description":"El XIX Seminario Internacional de Comarcas Sostenibles finaliz\u00f3 este 29 de abril reflexionando sobre la contaminaci\u00f3n derivada de los residuos textiles y aportando soluciones para revertir [\u2026]","og_url":"https:\/\/surestegc.org\/index.php\/2026\/04\/29\/el-sureste-de-gran-canaria-aborda-el-uso-de-residuos-textiles-como-energia-para-un-futuro-mas-verde\/","og_site_name":"Mancomunidad Sureste de Gran Canaria","article_published_time":"2026-04-29T18:24:49+00:00","og_image":[{"width":2048,"height":1536,"url":"https:\/\/surestegc.org\/wp-content\/uploads\/2026\/04\/Segunda-jornada-XIX-Seminario-Internacional-de-Comarcas-Sostenibles.jpeg","type":"image\/jpeg"}],"author":"prensa","twitter_card":"summary_large_image","twitter_misc":{"Escrito por":"prensa","Tiempo de lectura":"4 minutos"},"schema":{"@context":"https:\/\/schema.org","@graph":[{"@type":"Article","@id":"https:\/\/surestegc.org\/index.php\/2026\/04\/29\/el-sureste-de-gran-canaria-aborda-el-uso-de-residuos-textiles-como-energia-para-un-futuro-mas-verde\/#article","isPartOf":{"@id":"https:\/\/surestegc.org\/index.php\/2026\/04\/29\/el-sureste-de-gran-canaria-aborda-el-uso-de-residuos-textiles-como-energia-para-un-futuro-mas-verde\/"},"author":{"name":"prensa","@id":"https:\/\/surestegc.org\/#\/schema\/person\/95f82da7710f9f262ab0e97c846c0b4a"},"headline":"El sureste de Gran Canaria aborda el uso de residuos textiles como \u201cenerg\u00eda\u201d para un futuro m\u00e1s verde","datePublished":"2026-04-29T18:24:49+00:00","mainEntityOfPage":{"@id":"https:\/\/surestegc.org\/index.php\/2026\/04\/29\/el-sureste-de-gran-canaria-aborda-el-uso-de-residuos-textiles-como-energia-para-un-futuro-mas-verde\/"},"wordCount":532,"commentCount":0,"publisher":{"@id":"https:\/\/surestegc.org\/#organization"},"image":{"@id":"https:\/\/surestegc.org\/index.php\/2026\/04\/29\/el-sureste-de-gran-canaria-aborda-el-uso-de-residuos-textiles-como-energia-para-un-futuro-mas-verde\/#primaryimage"},"thumbnailUrl":"https:\/\/surestegc.org\/wp-content\/uploads\/2026\/04\/Segunda-jornada-XIX-Seminario-Internacional-de-Comarcas-Sostenibles.jpeg","articleSection":["Noticias"],"inLanguage":"es","potentialAction":[{"@type":"CommentAction","name":"Comment","target":["https:\/\/surestegc.org\/index.php\/2026\/04\/29\/el-sureste-de-gran-canaria-aborda-el-uso-de-residuos-textiles-como-energia-para-un-futuro-mas-verde\/#respond"]}]},{"@type":"WebPage","@id":"https:\/\/surestegc.org\/index.php\/2026\/04\/29\/el-sureste-de-gran-canaria-aborda-el-uso-de-residuos-textiles-como-energia-para-un-futuro-mas-verde\/","url":"https:\/\/surestegc.org\/index.php\/2026\/04\/29\/el-sureste-de-gran-canaria-aborda-el-uso-de-residuos-textiles-como-energia-para-un-futuro-mas-verde\/","name":"El sureste de Gran Canaria aborda el uso de residuos textiles como \u201cenerg\u00eda\u201d para un futuro m\u00e1s verde - Mancomunidad Sureste de Gran Canaria","isPartOf":{"@id":"https:\/\/surestegc.org\/#website"},"primaryImageOfPage":{"@id":"https:\/\/surestegc.org\/index.php\/2026\/04\/29\/el-sureste-de-gran-canaria-aborda-el-uso-de-residuos-textiles-como-energia-para-un-futuro-mas-verde\/#primaryimage"},"image":{"@id":"https:\/\/surestegc.org\/index.php\/2026\/04\/29\/el-sureste-de-gran-canaria-aborda-el-uso-de-residuos-textiles-como-energia-para-un-futuro-mas-verde\/#primaryimage"},"thumbnailUrl":"https:\/\/surestegc.org\/wp-content\/uploads\/2026\/04\/Segunda-jornada-XIX-Seminario-Internacional-de-Comarcas-Sostenibles.jpeg","datePublished":"2026-04-29T18:24:49+00:00","breadcrumb":{"@id":"https:\/\/surestegc.org\/index.php\/2026\/04\/29\/el-sureste-de-gran-canaria-aborda-el-uso-de-residuos-textiles-como-energia-para-un-futuro-mas-verde\/#breadcrumb"},"inLanguage":"es","potentialAction":[{"@type":"ReadAction","target":["https:\/\/surestegc.org\/index.php\/2026\/04\/29\/el-sureste-de-gran-canaria-aborda-el-uso-de-residuos-textiles-como-energia-para-un-futuro-mas-verde\/"]}]},{"@type":"ImageObject","inLanguage":"es","@id":"https:\/\/surestegc.org\/index.php\/2026\/04\/29\/el-sureste-de-gran-canaria-aborda-el-uso-de-residuos-textiles-como-energia-para-un-futuro-mas-verde\/#primaryimage","url":"https:\/\/surestegc.org\/wp-content\/uploads\/2026\/04\/Segunda-jornada-XIX-Seminario-Internacional-de-Comarcas-Sostenibles.jpeg","contentUrl":"https:\/\/surestegc.org\/wp-content\/uploads\/2026\/04\/Segunda-jornada-XIX-Seminario-Internacional-de-Comarcas-Sostenibles.jpeg","width":2048,"height":1536},{"@type":"BreadcrumbList","@id":"https:\/\/surestegc.org\/index.php\/2026\/04\/29\/el-sureste-de-gran-canaria-aborda-el-uso-de-residuos-textiles-como-energia-para-un-futuro-mas-verde\/#breadcrumb","itemListElement":[{"@type":"ListItem","position":1,"name":"Portada","item":"https:\/\/surestegc.org\/"},{"@type":"ListItem","position":2,"name":"El sureste de Gran Canaria aborda el uso de residuos textiles como \u201cenerg\u00eda\u201d para un futuro m\u00e1s verde"}]},{"@type":"WebSite","@id":"https:\/\/surestegc.org\/#website","url":"https:\/\/surestegc.org\/","name":"Mancomunidad Sureste de Gran Canaria","description":"La Mancomunidad Intermunicipal del Sureste de Gran Canaria, es una Mancomunidad situada en la isla de Gran Canaria, Espa\u00f1a, y que agrupa a los municipios de Santa Luc\u00eda de Tirajana, Ingenio y Ag\u00fcimes.","publisher":{"@id":"https:\/\/surestegc.org\/#organization"},"potentialAction":[{"@type":"SearchAction","target":{"@type":"EntryPoint","urlTemplate":"https:\/\/surestegc.org\/?s={search_term_string}"},"query-input":{"@type":"PropertyValueSpecification","valueRequired":true,"valueName":"search_term_string"}}],"inLanguage":"es"},{"@type":"Organization","@id":"https:\/\/surestegc.org\/#organization","name":"Mancomunidad Sureste de Gran Canaria","url":"https:\/\/surestegc.org\/","logo":{"@type":"ImageObject","inLanguage":"es","@id":"https:\/\/surestegc.org\/#\/schema\/logo\/image\/","url":"https:\/\/surestegc.org\/wp-content\/uploads\/2023\/06\/cropped-Logo-Mancomunidad-so\u0301lo.png","contentUrl":"https:\/\/surestegc.org\/wp-content\/uploads\/2023\/06\/cropped-Logo-Mancomunidad-so\u0301lo.png","width":200,"height":296,"caption":"Mancomunidad Sureste de Gran Canaria"},"image":{"@id":"https:\/\/surestegc.org\/#\/schema\/logo\/image\/"}},{"@type":"Person","@id":"https:\/\/surestegc.org\/#\/schema\/person\/95f82da7710f9f262ab0e97c846c0b4a","name":"prensa","image":{"@type":"ImageObject","inLanguage":"es","@id":"https:\/\/surestegc.org\/#\/schema\/person\/image\/","url":"https:\/\/secure.gravatar.com\/avatar\/cc84ffa096c8a4e9256688e0867f139f995cc9fe3bb0a230705db48aaf3a6466?s=96&d=mm&r=g","contentUrl":"https:\/\/secure.gravatar.com\/avatar\/cc84ffa096c8a4e9256688e0867f139f995cc9fe3bb0a230705db48aaf3a6466?s=96&d=mm&r=g","caption":"prensa"},"url":"https:\/\/surestegc.org\/index.php\/author\/prensa\/"}]}},"_links":{"self":[{"href":"https:\/\/surestegc.org\/index.php\/wp-json\/wp\/v2\/posts\/948","targetHints":{"allow":["GET"]}}],"collection":[{"href":"https:\/\/surestegc.org\/index.php\/wp-json\/wp\/v2\/posts"}],"about":[{"href":"https:\/\/surestegc.org\/index.php\/wp-json\/wp\/v2\/types\/post"}],"author":[{"embeddable":true,"href":"https:\/\/surestegc.org\/index.php\/wp-json\/wp\/v2\/users\/4"}],"replies":[{"embeddable":true,"href":"https:\/\/surestegc.org\/index.php\/wp-json\/wp\/v2\/comments?post=948"}],"version-history":[{"count":1,"href":"https:\/\/surestegc.org\/index.php\/wp-json\/wp\/v2\/posts\/948\/revisions"}],"predecessor-version":[{"id":954,"href":"https:\/\/surestegc.org\/index.php\/wp-json\/wp\/v2\/posts\/948\/revisions\/954"}],"wp:featuredmedia":[{"embeddable":true,"href":"https:\/\/surestegc.org\/index.php\/wp-json\/wp\/v2\/media\/949"}],"wp:attachment":[{"href":"https:\/\/surestegc.org\/index.php\/wp-json\/wp\/v2\/media?parent=948"}],"wp:term":[{"taxonomy":"category","embeddable":true,"href":"https:\/\/surestegc.org\/index.php\/wp-json\/wp\/v2\/categories?post=948"},{"taxonomy":"post_tag","embeddable":true,"href":"https:\/\/surestegc.org\/index.php\/wp-json\/wp\/v2\/tags?post=948"}],"curies":[{"name":"wp","href":"https:\/\/api.w.org\/{rel}","templated":true}]}}