{"id":939,"date":"2026-04-28T19:50:23","date_gmt":"2026-04-28T19:50:23","guid":{"rendered":"https:\/\/surestegc.org\/?p=939"},"modified":"2026-04-28T19:50:24","modified_gmt":"2026-04-28T19:50:24","slug":"la-mancomunidad-del-sureste-introduce-la-economia-circular-en-el-debate-publico","status":"publish","type":"post","link":"https:\/\/surestegc.org\/index.php\/2026\/04\/28\/la-mancomunidad-del-sureste-introduce-la-economia-circular-en-el-debate-publico\/","title":{"rendered":"La Mancomunidad del Sureste introduce la econom\u00eda circular en el debate p\u00fablico"},"content":{"rendered":"\n<p><strong>El XIX Seminario Internacional de Comarcas Sostenibles se celebra este 28 y 29 de abril como un foro de referencia donde abordar los h\u00e1bitos de consumo y la valorizaci\u00f3n energ\u00e9tica<\/strong><\/p>\n\n\n\n<p>La Mancomunidad del Sureste de Gran Canaria inaugur\u00f3 este martes 28 de abril, en el Teatro Federico Garc\u00eda Lorca de Ingenio, la XIX edici\u00f3n del Seminario Internacional de Comarcas Sostenibles. Consolidado ya como un encuentro clave de an\u00e1lisis, reflexi\u00f3n e intercambio de experiencias en torno al desarrollo sostenible de los territorios con especial \u00e9nfasis en el \u00e1mbito local y comarcal, el foro de este a\u00f1o se centra en la econom\u00eda circular y la valorizaci\u00f3n y gesti\u00f3n de residuos en islas y territorios aislados.&nbsp;<\/p>\n\n\n\n<p>La programaci\u00f3n del Seminario arranc\u00f3 en la ma\u00f1ana del martes con la bienvenida a 110 estudiantes de cinco grupos de 1\u00ba de Educaci\u00f3n Secundaria del IES Ingenio por parte de la presidenta de la Mancomunidad del Sureste de Gran Canaria y alcaldesa de Ingenio, Vanesa Mart\u00edn; el alcalde de Ag\u00fcimes, \u00d3scar Hern\u00e1ndez; y el alcalde de Santa Luc\u00eda de Tirajana, Francisco Garc\u00eda. Tras el recibimiento, el alumnado pudo disfrutar de talleres l\u00fadicos dinamizados por TicTac-Crea sobre el compostaje, el funcionamiento de la Mancomunidad del Sureste, la gesti\u00f3n de residuos org\u00e1nicos, las energ\u00edas renovables, el reciclaje y la problem\u00e1tica de las toallitas y el vertido de aceites.<\/p>\n\n\n\n<p>El inicio formal del XIX Seminario Internacional de Comarcas Sostenibles tuvo lugar durante la tarde con el acto a cargo del presidente del Cabildo de Gran Canaria, Antonio Morales, y de la alcaldesa de Ingenio y los alcaldes de Ag\u00fcimes y Santa Luc\u00eda de Tirajana.&nbsp;<\/p>\n\n\n\n<p>\u00abEste seminario responde a esa necesidad de compartir conocimiento, de contrastar experiencias y de construir alianzas. Porque la transici\u00f3n hacia una econom\u00eda circular no puede abordarse de forma aislada. Requiere colaboraci\u00f3n entre administraciones, empresas, centros de conocimiento y ciudadan\u00eda. En definitiva, exige esfuerzos compartidos para avanzar en retos t\u00e9cnicos, econ\u00f3micos y culturales\u00bb, se\u00f1al\u00f3 el presidente del Cabildo de Gran Canaria, Antonio Morales.<\/p>\n\n\n\n<p>\u201cEste foro apuesta decididamente por propuestas concretas en contextos insulares, donde los recursos son limitados y la gesti\u00f3n del territorio presenta mayores dificultades\u201d, asegur\u00f3 la presidenta de la Mancomunidad y alcaldesa de Ingenio, Vanesa Mart\u00edn, recalcando, no obstante, que \u201cm\u00e1s all\u00e1 de datos y propuestas, la gesti\u00f3n de los residuos empieza en cada hogar, en cada decisi\u00f3n de consumo, en cada gesto responsable. Es un reto colectivo que requiere la implicaci\u00f3n de todas las personas\u201d.<\/p>\n\n\n\n<p>Por su parte, el alcalde de Ag\u00fcimes, \u00d3scar Hern\u00e1ndez, destac\u00f3 que \u201cel Seminario Internacional de Comarcas Sostenibles no solo refuerza el camino y el compromiso con la transici\u00f3n ecol\u00f3gica, situando al sureste de Gran Canaria en el centro del debate sobre los grandes desaf\u00edos ambientales de nuestro tiempo, sino que tambi\u00e9n nos impulsa a seguir trabajando desde la cooperaci\u00f3n y la innovaci\u00f3n para crear una sociedad m\u00e1s equilibrada, responsable y preparada para afrontar los retos del futuro.<\/p>\n\n\n\n<p>\u201cEn estos m\u00e1s de 30 a\u00f1os de historia de la Mancomunidad del Sureste de Gran Canaria tenemos muchas razones para sentirnos orgullosos y una de ellas es la celebraci\u00f3n de este Seminario, al que cada a\u00f1o asisten acad\u00e9micos, expertos internacionales, profesionales y responsables p\u00fablicos con ideas diferentes, pero que coincidimos en una: la necesidad de cuidar nuestras islas y de apostar por un desarrollo sostenible en toda Canarias\u201d, a\u00f1adi\u00f3 el alcalde de Santa Luc\u00eda de Tirajana, Francisco Garc\u00eda.&nbsp;<\/p>\n\n\n\n<p><strong>La segunda vida de los residuos voluminosos<\/strong><\/p>\n\n\n\n<p>La Doctora Ella Stengler, Directora General de CEWEP (Confederation of European Waste-to-Energy Plants) y especialista con m\u00e1s de 20 a\u00f1os de experiencia en gesti\u00f3n de residuos, energ\u00eda y medio ambiente en Europa, abri\u00f3 el turno de las ponencias abordando la valorizaci\u00f3n energ\u00e9tica como una de las opciones frente a la imposibilidad de reciclar residuos con competes da\u00f1inos para los ecosistemas. Este proceso, que contempla la incineraci\u00f3n moderna o la gasificaci\u00f3n, entre otros, permite reducir el uso de los combustibles f\u00f3siles y evitar el deterioro de los suelos empleados como vertederos, dando as\u00ed una segunda vida a los desechos.<\/p>\n\n\n\n<p>\u00cd\u00f1igo N\u00fa\u00f1ez, Presidente de la Fundaci\u00f3n Canaria para el Reciclaje y Desarrollo Sostenible y Consejero Delegado de EWASTE Canarias, la \u00fanica planta de Residuos de Aparatos El\u00e9ctricos y Electr\u00f3nicos del archipi\u00e9lago, tom\u00f3 el relevo tratando el ecodise\u00f1o en sus vertientes econ\u00f3mica, sociopol\u00edtica y tecnol\u00f3gica con especial \u00e9nfasis en la insularidad y doble insularidad de Canarias. En esta l\u00ednea, N\u00fa\u00f1ez incidi\u00f3 en la toma de decisiones a escala europea tanto en cuesti\u00f3n de fondos para cada pa\u00eds y regi\u00f3n como en la independencia energ\u00e9tica frente a otros actores geopol\u00edticos.<\/p>\n\n\n\n<p><strong>C\u00f3mo gestionar los materiales cr\u00edticos en territorios aislados<\/strong><\/p>\n\n\n\n<p>La primera jornada del XIX Seminario Internacional de Comarcas Sostenibles finaliz\u00f3 con una mesa redonda con la participaci\u00f3n de N\u00fa\u00f1ez; Sebasti\u00e0 Sans\u00f3, gerente de la Empresa Municipal de Serveis 2002 slu (Pollen\u00e7a)&nbsp; y exdirector General de Residuos, Educaci\u00f3n Ambiental y Calidad Ambiental del Gobierno de Islas Baleares; y Elisa Monz\u00f3n, Directora Insular de Medio Ambiente del Cabildo de Gran Canaria. El debate puso sobre la mesa la materializaci\u00f3n de medidas pol\u00edticas y econ\u00f3micas id\u00f3neas para gestionar el reciclaje de materiales cr\u00edticos en territorios insulares y aislados, como es el caso de Baleares o Canarias.<\/p>\n\n\n\n<div class=\"wp-block-columns is-layout-flex wp-container-core-columns-is-layout-9d6595d7 wp-block-columns-is-layout-flex\">\n<div class=\"wp-block-column is-layout-flow wp-block-column-is-layout-flow\" style=\"flex-basis:100%\">\n<figure class=\"wp-block-gallery has-nested-images columns-default is-cropped wp-block-gallery-1 is-layout-flex wp-block-gallery-is-layout-flex\">\n<figure class=\"wp-block-image size-large\"><img loading=\"lazy\" decoding=\"async\" width=\"1024\" height=\"768\" data-id=\"942\" src=\"https:\/\/surestegc.org\/wp-content\/uploads\/2026\/04\/Ella-Stengler-1024x768.jpeg\" alt=\"\" class=\"wp-image-942\" srcset=\"https:\/\/surestegc.org\/wp-content\/uploads\/2026\/04\/Ella-Stengler-1024x768.jpeg 1024w, https:\/\/surestegc.org\/wp-content\/uploads\/2026\/04\/Ella-Stengler-300x225.jpeg 300w, https:\/\/surestegc.org\/wp-content\/uploads\/2026\/04\/Ella-Stengler-768x576.jpeg 768w, https:\/\/surestegc.org\/wp-content\/uploads\/2026\/04\/Ella-Stengler-1536x1152.jpeg 1536w, https:\/\/surestegc.org\/wp-content\/uploads\/2026\/04\/Ella-Stengler-195x146.jpeg 195w, https:\/\/surestegc.org\/wp-content\/uploads\/2026\/04\/Ella-Stengler-50x38.jpeg 50w, https:\/\/surestegc.org\/wp-content\/uploads\/2026\/04\/Ella-Stengler-100x75.jpeg 100w, https:\/\/surestegc.org\/wp-content\/uploads\/2026\/04\/Ella-Stengler-960x720.jpeg 960w, https:\/\/surestegc.org\/wp-content\/uploads\/2026\/04\/Ella-Stengler.jpeg 1600w\" sizes=\"auto, (max-width: 1024px) 100vw, 1024px\" \/><\/figure>\n\n\n\n<figure class=\"wp-block-image size-large\"><img loading=\"lazy\" decoding=\"async\" width=\"1024\" height=\"768\" data-id=\"943\" src=\"https:\/\/surestegc.org\/wp-content\/uploads\/2026\/04\/Ella-Stengler-2-1024x768.jpeg\" alt=\"\" class=\"wp-image-943\" srcset=\"https:\/\/surestegc.org\/wp-content\/uploads\/2026\/04\/Ella-Stengler-2-1024x768.jpeg 1024w, https:\/\/surestegc.org\/wp-content\/uploads\/2026\/04\/Ella-Stengler-2-300x225.jpeg 300w, https:\/\/surestegc.org\/wp-content\/uploads\/2026\/04\/Ella-Stengler-2-768x576.jpeg 768w, https:\/\/surestegc.org\/wp-content\/uploads\/2026\/04\/Ella-Stengler-2-1536x1152.jpeg 1536w, https:\/\/surestegc.org\/wp-content\/uploads\/2026\/04\/Ella-Stengler-2-195x146.jpeg 195w, https:\/\/surestegc.org\/wp-content\/uploads\/2026\/04\/Ella-Stengler-2-50x38.jpeg 50w, https:\/\/surestegc.org\/wp-content\/uploads\/2026\/04\/Ella-Stengler-2-100x75.jpeg 100w, https:\/\/surestegc.org\/wp-content\/uploads\/2026\/04\/Ella-Stengler-2-960x720.jpeg 960w, https:\/\/surestegc.org\/wp-content\/uploads\/2026\/04\/Ella-Stengler-2.jpeg 1600w\" sizes=\"auto, (max-width: 1024px) 100vw, 1024px\" \/><\/figure>\n\n\n\n<figure class=\"wp-block-image size-large\"><img loading=\"lazy\" decoding=\"async\" width=\"1024\" height=\"768\" data-id=\"944\" src=\"https:\/\/surestegc.org\/wp-content\/uploads\/2026\/04\/Inigo-Nunez-1024x768.jpeg\" alt=\"\" class=\"wp-image-944\" srcset=\"https:\/\/surestegc.org\/wp-content\/uploads\/2026\/04\/Inigo-Nunez-1024x768.jpeg 1024w, https:\/\/surestegc.org\/wp-content\/uploads\/2026\/04\/Inigo-Nunez-300x225.jpeg 300w, https:\/\/surestegc.org\/wp-content\/uploads\/2026\/04\/Inigo-Nunez-768x576.jpeg 768w, https:\/\/surestegc.org\/wp-content\/uploads\/2026\/04\/Inigo-Nunez-1536x1152.jpeg 1536w, https:\/\/surestegc.org\/wp-content\/uploads\/2026\/04\/Inigo-Nunez-195x146.jpeg 195w, https:\/\/surestegc.org\/wp-content\/uploads\/2026\/04\/Inigo-Nunez-50x38.jpeg 50w, https:\/\/surestegc.org\/wp-content\/uploads\/2026\/04\/Inigo-Nunez-100x75.jpeg 100w, https:\/\/surestegc.org\/wp-content\/uploads\/2026\/04\/Inigo-Nunez-960x720.jpeg 960w, https:\/\/surestegc.org\/wp-content\/uploads\/2026\/04\/Inigo-Nunez.jpeg 1600w\" sizes=\"auto, (max-width: 1024px) 100vw, 1024px\" \/><\/figure>\n\n\n\n<figure class=\"wp-block-image size-large\"><img loading=\"lazy\" decoding=\"async\" width=\"1024\" height=\"768\" data-id=\"945\" src=\"https:\/\/surestegc.org\/wp-content\/uploads\/2026\/04\/inigo-Nunez-2-1024x768.jpeg\" alt=\"\" class=\"wp-image-945\" srcset=\"https:\/\/surestegc.org\/wp-content\/uploads\/2026\/04\/inigo-Nunez-2-1024x768.jpeg 1024w, https:\/\/surestegc.org\/wp-content\/uploads\/2026\/04\/inigo-Nunez-2-300x225.jpeg 300w, https:\/\/surestegc.org\/wp-content\/uploads\/2026\/04\/inigo-Nunez-2-768x576.jpeg 768w, https:\/\/surestegc.org\/wp-content\/uploads\/2026\/04\/inigo-Nunez-2-1536x1152.jpeg 1536w, https:\/\/surestegc.org\/wp-content\/uploads\/2026\/04\/inigo-Nunez-2-195x146.jpeg 195w, https:\/\/surestegc.org\/wp-content\/uploads\/2026\/04\/inigo-Nunez-2-50x38.jpeg 50w, https:\/\/surestegc.org\/wp-content\/uploads\/2026\/04\/inigo-Nunez-2-100x75.jpeg 100w, https:\/\/surestegc.org\/wp-content\/uploads\/2026\/04\/inigo-Nunez-2-960x720.jpeg 960w, https:\/\/surestegc.org\/wp-content\/uploads\/2026\/04\/inigo-Nunez-2.jpeg 1600w\" sizes=\"auto, (max-width: 1024px) 100vw, 1024px\" \/><\/figure>\n\n\n\n<figure class=\"wp-block-image size-large\"><img loading=\"lazy\" decoding=\"async\" width=\"1024\" height=\"768\" data-id=\"946\" src=\"https:\/\/surestegc.org\/wp-content\/uploads\/2026\/04\/Mesa-redonda-1024x768.jpeg\" alt=\"\" class=\"wp-image-946\" srcset=\"https:\/\/surestegc.org\/wp-content\/uploads\/2026\/04\/Mesa-redonda-1024x768.jpeg 1024w, https:\/\/surestegc.org\/wp-content\/uploads\/2026\/04\/Mesa-redonda-300x225.jpeg 300w, https:\/\/surestegc.org\/wp-content\/uploads\/2026\/04\/Mesa-redonda-768x576.jpeg 768w, https:\/\/surestegc.org\/wp-content\/uploads\/2026\/04\/Mesa-redonda-1536x1152.jpeg 1536w, https:\/\/surestegc.org\/wp-content\/uploads\/2026\/04\/Mesa-redonda-195x146.jpeg 195w, https:\/\/surestegc.org\/wp-content\/uploads\/2026\/04\/Mesa-redonda-50x38.jpeg 50w, https:\/\/surestegc.org\/wp-content\/uploads\/2026\/04\/Mesa-redonda-100x75.jpeg 100w, https:\/\/surestegc.org\/wp-content\/uploads\/2026\/04\/Mesa-redonda-960x720.jpeg 960w, https:\/\/surestegc.org\/wp-content\/uploads\/2026\/04\/Mesa-redonda.jpeg 1600w\" sizes=\"auto, (max-width: 1024px) 100vw, 1024px\" \/><\/figure>\n<\/figure>\n<\/div>\n<\/div>\n","protected":false},"excerpt":{"rendered":"<p>El XIX Seminario Internacional de Comarcas Sostenibles se celebra este 28 y 29 de abril como un foro de referencia donde abordar los h\u00e1bitos de consumo<span class=\"excerpt-hellip\"> [\u2026]<\/span><\/p>\n","protected":false},"author":4,"featured_media":940,"comment_status":"open","ping_status":"open","sticky":false,"template":"","format":"standard","meta":{"footnotes":""},"categories":[3],"tags":[],"class_list":["post-939","post","type-post","status-publish","format-standard","has-post-thumbnail","hentry","category-noticias"],"yoast_head":"<!-- This site is optimized with the Yoast SEO plugin v27.0 - https:\/\/yoast.com\/product\/yoast-seo-wordpress\/ -->\n<title>La Mancomunidad del Sureste introduce la econom\u00eda circular en el debate p\u00fablico - Mancomunidad Sureste de Gran Canaria<\/title>\n<meta name=\"robots\" content=\"noindex, follow, max-snippet:-1, max-image-preview:large, max-video-preview:-1\" \/>\n<meta property=\"og:locale\" content=\"es_ES\" \/>\n<meta property=\"og:type\" content=\"article\" \/>\n<meta property=\"og:title\" content=\"La Mancomunidad del Sureste introduce la econom\u00eda circular en el debate p\u00fablico - Mancomunidad Sureste de Gran Canaria\" \/>\n<meta property=\"og:description\" content=\"El XIX Seminario Internacional de Comarcas Sostenibles se celebra este 28 y 29 de abril como un foro de referencia donde abordar los h\u00e1bitos de consumo [\u2026]\" \/>\n<meta property=\"og:url\" content=\"https:\/\/surestegc.org\/index.php\/2026\/04\/28\/la-mancomunidad-del-sureste-introduce-la-economia-circular-en-el-debate-publico\/\" \/>\n<meta property=\"og:site_name\" content=\"Mancomunidad Sureste de Gran Canaria\" \/>\n<meta property=\"article:published_time\" content=\"2026-04-28T19:50:23+00:00\" \/>\n<meta property=\"article:modified_time\" content=\"2026-04-28T19:50:24+00:00\" \/>\n<meta property=\"og:image\" content=\"https:\/\/surestegc.org\/wp-content\/uploads\/2026\/04\/Primera-jornada-XIX-Seminario-Internacional-de-Comarcas-Sostenibles.jpeg\" \/>\n\t<meta property=\"og:image:width\" content=\"2048\" \/>\n\t<meta property=\"og:image:height\" content=\"1536\" \/>\n\t<meta property=\"og:image:type\" content=\"image\/jpeg\" \/>\n<meta name=\"author\" content=\"prensa\" \/>\n<meta name=\"twitter:card\" content=\"summary_large_image\" \/>\n<meta name=\"twitter:label1\" content=\"Escrito por\" \/>\n\t<meta name=\"twitter:data1\" content=\"prensa\" \/>\n\t<meta name=\"twitter:label2\" content=\"Tiempo de lectura\" \/>\n\t<meta name=\"twitter:data2\" content=\"6 minutos\" \/>\n<script type=\"application\/ld+json\" class=\"yoast-schema-graph\">{\"@context\":\"https:\/\/schema.org\",\"@graph\":[{\"@type\":\"Article\",\"@id\":\"https:\/\/surestegc.org\/index.php\/2026\/04\/28\/la-mancomunidad-del-sureste-introduce-la-economia-circular-en-el-debate-publico\/#article\",\"isPartOf\":{\"@id\":\"https:\/\/surestegc.org\/index.php\/2026\/04\/28\/la-mancomunidad-del-sureste-introduce-la-economia-circular-en-el-debate-publico\/\"},\"author\":{\"name\":\"prensa\",\"@id\":\"https:\/\/surestegc.org\/#\/schema\/person\/95f82da7710f9f262ab0e97c846c0b4a\"},\"headline\":\"La Mancomunidad del Sureste introduce la econom\u00eda circular en el debate p\u00fablico\",\"datePublished\":\"2026-04-28T19:50:23+00:00\",\"dateModified\":\"2026-04-28T19:50:24+00:00\",\"mainEntityOfPage\":{\"@id\":\"https:\/\/surestegc.org\/index.php\/2026\/04\/28\/la-mancomunidad-del-sureste-introduce-la-economia-circular-en-el-debate-publico\/\"},\"wordCount\":956,\"commentCount\":0,\"publisher\":{\"@id\":\"https:\/\/surestegc.org\/#organization\"},\"image\":{\"@id\":\"https:\/\/surestegc.org\/index.php\/2026\/04\/28\/la-mancomunidad-del-sureste-introduce-la-economia-circular-en-el-debate-publico\/#primaryimage\"},\"thumbnailUrl\":\"https:\/\/surestegc.org\/wp-content\/uploads\/2026\/04\/Primera-jornada-XIX-Seminario-Internacional-de-Comarcas-Sostenibles.jpeg\",\"articleSection\":[\"Noticias\"],\"inLanguage\":\"es\",\"potentialAction\":[{\"@type\":\"CommentAction\",\"name\":\"Comment\",\"target\":[\"https:\/\/surestegc.org\/index.php\/2026\/04\/28\/la-mancomunidad-del-sureste-introduce-la-economia-circular-en-el-debate-publico\/#respond\"]}]},{\"@type\":\"WebPage\",\"@id\":\"https:\/\/surestegc.org\/index.php\/2026\/04\/28\/la-mancomunidad-del-sureste-introduce-la-economia-circular-en-el-debate-publico\/\",\"url\":\"https:\/\/surestegc.org\/index.php\/2026\/04\/28\/la-mancomunidad-del-sureste-introduce-la-economia-circular-en-el-debate-publico\/\",\"name\":\"La Mancomunidad del Sureste introduce la econom\u00eda circular en el debate p\u00fablico - Mancomunidad Sureste de Gran Canaria\",\"isPartOf\":{\"@id\":\"https:\/\/surestegc.org\/#website\"},\"primaryImageOfPage\":{\"@id\":\"https:\/\/surestegc.org\/index.php\/2026\/04\/28\/la-mancomunidad-del-sureste-introduce-la-economia-circular-en-el-debate-publico\/#primaryimage\"},\"image\":{\"@id\":\"https:\/\/surestegc.org\/index.php\/2026\/04\/28\/la-mancomunidad-del-sureste-introduce-la-economia-circular-en-el-debate-publico\/#primaryimage\"},\"thumbnailUrl\":\"https:\/\/surestegc.org\/wp-content\/uploads\/2026\/04\/Primera-jornada-XIX-Seminario-Internacional-de-Comarcas-Sostenibles.jpeg\",\"datePublished\":\"2026-04-28T19:50:23+00:00\",\"dateModified\":\"2026-04-28T19:50:24+00:00\",\"breadcrumb\":{\"@id\":\"https:\/\/surestegc.org\/index.php\/2026\/04\/28\/la-mancomunidad-del-sureste-introduce-la-economia-circular-en-el-debate-publico\/#breadcrumb\"},\"inLanguage\":\"es\",\"potentialAction\":[{\"@type\":\"ReadAction\",\"target\":[\"https:\/\/surestegc.org\/index.php\/2026\/04\/28\/la-mancomunidad-del-sureste-introduce-la-economia-circular-en-el-debate-publico\/\"]}]},{\"@type\":\"ImageObject\",\"inLanguage\":\"es\",\"@id\":\"https:\/\/surestegc.org\/index.php\/2026\/04\/28\/la-mancomunidad-del-sureste-introduce-la-economia-circular-en-el-debate-publico\/#primaryimage\",\"url\":\"https:\/\/surestegc.org\/wp-content\/uploads\/2026\/04\/Primera-jornada-XIX-Seminario-Internacional-de-Comarcas-Sostenibles.jpeg\",\"contentUrl\":\"https:\/\/surestegc.org\/wp-content\/uploads\/2026\/04\/Primera-jornada-XIX-Seminario-Internacional-de-Comarcas-Sostenibles.jpeg\",\"width\":2048,\"height\":1536},{\"@type\":\"BreadcrumbList\",\"@id\":\"https:\/\/surestegc.org\/index.php\/2026\/04\/28\/la-mancomunidad-del-sureste-introduce-la-economia-circular-en-el-debate-publico\/#breadcrumb\",\"itemListElement\":[{\"@type\":\"ListItem\",\"position\":1,\"name\":\"Portada\",\"item\":\"https:\/\/surestegc.org\/\"},{\"@type\":\"ListItem\",\"position\":2,\"name\":\"La Mancomunidad del Sureste introduce la econom\u00eda circular en el debate p\u00fablico\"}]},{\"@type\":\"WebSite\",\"@id\":\"https:\/\/surestegc.org\/#website\",\"url\":\"https:\/\/surestegc.org\/\",\"name\":\"Mancomunidad Sureste de Gran Canaria\",\"description\":\"La Mancomunidad Intermunicipal del Sureste de Gran Canaria, es una Mancomunidad situada en la isla de Gran Canaria, Espa\u00f1a, y que agrupa a los municipios de Santa Luc\u00eda de Tirajana, Ingenio y Ag\u00fcimes.\",\"publisher\":{\"@id\":\"https:\/\/surestegc.org\/#organization\"},\"potentialAction\":[{\"@type\":\"SearchAction\",\"target\":{\"@type\":\"EntryPoint\",\"urlTemplate\":\"https:\/\/surestegc.org\/?s={search_term_string}\"},\"query-input\":{\"@type\":\"PropertyValueSpecification\",\"valueRequired\":true,\"valueName\":\"search_term_string\"}}],\"inLanguage\":\"es\"},{\"@type\":\"Organization\",\"@id\":\"https:\/\/surestegc.org\/#organization\",\"name\":\"Mancomunidad Sureste de Gran Canaria\",\"url\":\"https:\/\/surestegc.org\/\",\"logo\":{\"@type\":\"ImageObject\",\"inLanguage\":\"es\",\"@id\":\"https:\/\/surestegc.org\/#\/schema\/logo\/image\/\",\"url\":\"https:\/\/surestegc.org\/wp-content\/uploads\/2023\/06\/cropped-Logo-Mancomunidad-so\u0301lo.png\",\"contentUrl\":\"https:\/\/surestegc.org\/wp-content\/uploads\/2023\/06\/cropped-Logo-Mancomunidad-so\u0301lo.png\",\"width\":200,\"height\":296,\"caption\":\"Mancomunidad Sureste de Gran Canaria\"},\"image\":{\"@id\":\"https:\/\/surestegc.org\/#\/schema\/logo\/image\/\"}},{\"@type\":\"Person\",\"@id\":\"https:\/\/surestegc.org\/#\/schema\/person\/95f82da7710f9f262ab0e97c846c0b4a\",\"name\":\"prensa\",\"image\":{\"@type\":\"ImageObject\",\"inLanguage\":\"es\",\"@id\":\"https:\/\/surestegc.org\/#\/schema\/person\/image\/\",\"url\":\"https:\/\/secure.gravatar.com\/avatar\/cc84ffa096c8a4e9256688e0867f139f995cc9fe3bb0a230705db48aaf3a6466?s=96&d=mm&r=g\",\"contentUrl\":\"https:\/\/secure.gravatar.com\/avatar\/cc84ffa096c8a4e9256688e0867f139f995cc9fe3bb0a230705db48aaf3a6466?s=96&d=mm&r=g\",\"caption\":\"prensa\"},\"url\":\"https:\/\/surestegc.org\/index.php\/author\/prensa\/\"}]}<\/script>\n<!-- \/ Yoast SEO plugin. -->","yoast_head_json":{"title":"La Mancomunidad del Sureste introduce la econom\u00eda circular en el debate p\u00fablico - Mancomunidad Sureste de Gran Canaria","robots":{"index":"noindex","follow":"follow","max-snippet":"max-snippet:-1","max-image-preview":"max-image-preview:large","max-video-preview":"max-video-preview:-1"},"og_locale":"es_ES","og_type":"article","og_title":"La Mancomunidad del Sureste introduce la econom\u00eda circular en el debate p\u00fablico - Mancomunidad Sureste de Gran Canaria","og_description":"El XIX Seminario Internacional de Comarcas Sostenibles se celebra este 28 y 29 de abril como un foro de referencia donde abordar los h\u00e1bitos de consumo [\u2026]","og_url":"https:\/\/surestegc.org\/index.php\/2026\/04\/28\/la-mancomunidad-del-sureste-introduce-la-economia-circular-en-el-debate-publico\/","og_site_name":"Mancomunidad Sureste de Gran Canaria","article_published_time":"2026-04-28T19:50:23+00:00","article_modified_time":"2026-04-28T19:50:24+00:00","og_image":[{"width":2048,"height":1536,"url":"https:\/\/surestegc.org\/wp-content\/uploads\/2026\/04\/Primera-jornada-XIX-Seminario-Internacional-de-Comarcas-Sostenibles.jpeg","type":"image\/jpeg"}],"author":"prensa","twitter_card":"summary_large_image","twitter_misc":{"Escrito por":"prensa","Tiempo de lectura":"6 minutos"},"schema":{"@context":"https:\/\/schema.org","@graph":[{"@type":"Article","@id":"https:\/\/surestegc.org\/index.php\/2026\/04\/28\/la-mancomunidad-del-sureste-introduce-la-economia-circular-en-el-debate-publico\/#article","isPartOf":{"@id":"https:\/\/surestegc.org\/index.php\/2026\/04\/28\/la-mancomunidad-del-sureste-introduce-la-economia-circular-en-el-debate-publico\/"},"author":{"name":"prensa","@id":"https:\/\/surestegc.org\/#\/schema\/person\/95f82da7710f9f262ab0e97c846c0b4a"},"headline":"La Mancomunidad del Sureste introduce la econom\u00eda circular en el debate p\u00fablico","datePublished":"2026-04-28T19:50:23+00:00","dateModified":"2026-04-28T19:50:24+00:00","mainEntityOfPage":{"@id":"https:\/\/surestegc.org\/index.php\/2026\/04\/28\/la-mancomunidad-del-sureste-introduce-la-economia-circular-en-el-debate-publico\/"},"wordCount":956,"commentCount":0,"publisher":{"@id":"https:\/\/surestegc.org\/#organization"},"image":{"@id":"https:\/\/surestegc.org\/index.php\/2026\/04\/28\/la-mancomunidad-del-sureste-introduce-la-economia-circular-en-el-debate-publico\/#primaryimage"},"thumbnailUrl":"https:\/\/surestegc.org\/wp-content\/uploads\/2026\/04\/Primera-jornada-XIX-Seminario-Internacional-de-Comarcas-Sostenibles.jpeg","articleSection":["Noticias"],"inLanguage":"es","potentialAction":[{"@type":"CommentAction","name":"Comment","target":["https:\/\/surestegc.org\/index.php\/2026\/04\/28\/la-mancomunidad-del-sureste-introduce-la-economia-circular-en-el-debate-publico\/#respond"]}]},{"@type":"WebPage","@id":"https:\/\/surestegc.org\/index.php\/2026\/04\/28\/la-mancomunidad-del-sureste-introduce-la-economia-circular-en-el-debate-publico\/","url":"https:\/\/surestegc.org\/index.php\/2026\/04\/28\/la-mancomunidad-del-sureste-introduce-la-economia-circular-en-el-debate-publico\/","name":"La Mancomunidad del Sureste introduce la econom\u00eda circular en el debate p\u00fablico - Mancomunidad Sureste de Gran Canaria","isPartOf":{"@id":"https:\/\/surestegc.org\/#website"},"primaryImageOfPage":{"@id":"https:\/\/surestegc.org\/index.php\/2026\/04\/28\/la-mancomunidad-del-sureste-introduce-la-economia-circular-en-el-debate-publico\/#primaryimage"},"image":{"@id":"https:\/\/surestegc.org\/index.php\/2026\/04\/28\/la-mancomunidad-del-sureste-introduce-la-economia-circular-en-el-debate-publico\/#primaryimage"},"thumbnailUrl":"https:\/\/surestegc.org\/wp-content\/uploads\/2026\/04\/Primera-jornada-XIX-Seminario-Internacional-de-Comarcas-Sostenibles.jpeg","datePublished":"2026-04-28T19:50:23+00:00","dateModified":"2026-04-28T19:50:24+00:00","breadcrumb":{"@id":"https:\/\/surestegc.org\/index.php\/2026\/04\/28\/la-mancomunidad-del-sureste-introduce-la-economia-circular-en-el-debate-publico\/#breadcrumb"},"inLanguage":"es","potentialAction":[{"@type":"ReadAction","target":["https:\/\/surestegc.org\/index.php\/2026\/04\/28\/la-mancomunidad-del-sureste-introduce-la-economia-circular-en-el-debate-publico\/"]}]},{"@type":"ImageObject","inLanguage":"es","@id":"https:\/\/surestegc.org\/index.php\/2026\/04\/28\/la-mancomunidad-del-sureste-introduce-la-economia-circular-en-el-debate-publico\/#primaryimage","url":"https:\/\/surestegc.org\/wp-content\/uploads\/2026\/04\/Primera-jornada-XIX-Seminario-Internacional-de-Comarcas-Sostenibles.jpeg","contentUrl":"https:\/\/surestegc.org\/wp-content\/uploads\/2026\/04\/Primera-jornada-XIX-Seminario-Internacional-de-Comarcas-Sostenibles.jpeg","width":2048,"height":1536},{"@type":"BreadcrumbList","@id":"https:\/\/surestegc.org\/index.php\/2026\/04\/28\/la-mancomunidad-del-sureste-introduce-la-economia-circular-en-el-debate-publico\/#breadcrumb","itemListElement":[{"@type":"ListItem","position":1,"name":"Portada","item":"https:\/\/surestegc.org\/"},{"@type":"ListItem","position":2,"name":"La Mancomunidad del Sureste introduce la econom\u00eda circular en el debate p\u00fablico"}]},{"@type":"WebSite","@id":"https:\/\/surestegc.org\/#website","url":"https:\/\/surestegc.org\/","name":"Mancomunidad Sureste de Gran Canaria","description":"La Mancomunidad Intermunicipal del Sureste de Gran Canaria, es una Mancomunidad situada en la isla de Gran Canaria, Espa\u00f1a, y que agrupa a los municipios de Santa Luc\u00eda de Tirajana, Ingenio y Ag\u00fcimes.","publisher":{"@id":"https:\/\/surestegc.org\/#organization"},"potentialAction":[{"@type":"SearchAction","target":{"@type":"EntryPoint","urlTemplate":"https:\/\/surestegc.org\/?s={search_term_string}"},"query-input":{"@type":"PropertyValueSpecification","valueRequired":true,"valueName":"search_term_string"}}],"inLanguage":"es"},{"@type":"Organization","@id":"https:\/\/surestegc.org\/#organization","name":"Mancomunidad Sureste de Gran Canaria","url":"https:\/\/surestegc.org\/","logo":{"@type":"ImageObject","inLanguage":"es","@id":"https:\/\/surestegc.org\/#\/schema\/logo\/image\/","url":"https:\/\/surestegc.org\/wp-content\/uploads\/2023\/06\/cropped-Logo-Mancomunidad-so\u0301lo.png","contentUrl":"https:\/\/surestegc.org\/wp-content\/uploads\/2023\/06\/cropped-Logo-Mancomunidad-so\u0301lo.png","width":200,"height":296,"caption":"Mancomunidad Sureste de Gran Canaria"},"image":{"@id":"https:\/\/surestegc.org\/#\/schema\/logo\/image\/"}},{"@type":"Person","@id":"https:\/\/surestegc.org\/#\/schema\/person\/95f82da7710f9f262ab0e97c846c0b4a","name":"prensa","image":{"@type":"ImageObject","inLanguage":"es","@id":"https:\/\/surestegc.org\/#\/schema\/person\/image\/","url":"https:\/\/secure.gravatar.com\/avatar\/cc84ffa096c8a4e9256688e0867f139f995cc9fe3bb0a230705db48aaf3a6466?s=96&d=mm&r=g","contentUrl":"https:\/\/secure.gravatar.com\/avatar\/cc84ffa096c8a4e9256688e0867f139f995cc9fe3bb0a230705db48aaf3a6466?s=96&d=mm&r=g","caption":"prensa"},"url":"https:\/\/surestegc.org\/index.php\/author\/prensa\/"}]}},"_links":{"self":[{"href":"https:\/\/surestegc.org\/index.php\/wp-json\/wp\/v2\/posts\/939","targetHints":{"allow":["GET"]}}],"collection":[{"href":"https:\/\/surestegc.org\/index.php\/wp-json\/wp\/v2\/posts"}],"about":[{"href":"https:\/\/surestegc.org\/index.php\/wp-json\/wp\/v2\/types\/post"}],"author":[{"embeddable":true,"href":"https:\/\/surestegc.org\/index.php\/wp-json\/wp\/v2\/users\/4"}],"replies":[{"embeddable":true,"href":"https:\/\/surestegc.org\/index.php\/wp-json\/wp\/v2\/comments?post=939"}],"version-history":[{"count":2,"href":"https:\/\/surestegc.org\/index.php\/wp-json\/wp\/v2\/posts\/939\/revisions"}],"predecessor-version":[{"id":947,"href":"https:\/\/surestegc.org\/index.php\/wp-json\/wp\/v2\/posts\/939\/revisions\/947"}],"wp:featuredmedia":[{"embeddable":true,"href":"https:\/\/surestegc.org\/index.php\/wp-json\/wp\/v2\/media\/940"}],"wp:attachment":[{"href":"https:\/\/surestegc.org\/index.php\/wp-json\/wp\/v2\/media?parent=939"}],"wp:term":[{"taxonomy":"category","embeddable":true,"href":"https:\/\/surestegc.org\/index.php\/wp-json\/wp\/v2\/categories?post=939"},{"taxonomy":"post_tag","embeddable":true,"href":"https:\/\/surestegc.org\/index.php\/wp-json\/wp\/v2\/tags?post=939"}],"curies":[{"name":"wp","href":"https:\/\/api.w.org\/{rel}","templated":true}]}}