{"id":933,"date":"2026-04-21T12:38:27","date_gmt":"2026-04-21T12:38:27","guid":{"rendered":"https:\/\/surestegc.org\/?p=933"},"modified":"2026-04-21T12:38:28","modified_gmt":"2026-04-21T12:38:28","slug":"la-mancomunidad-del-sureste-presenta-la-xix-edicion-del-seminario-internacional-de-comarcas-sostenibles","status":"publish","type":"post","link":"https:\/\/surestegc.org\/index.php\/2026\/04\/21\/la-mancomunidad-del-sureste-presenta-la-xix-edicion-del-seminario-internacional-de-comarcas-sostenibles\/","title":{"rendered":"La Mancomunidad del Sureste presenta la XIX edici\u00f3n del Seminario Internacional de Comarcas Sostenibles"},"content":{"rendered":"\n<p><strong>El encuentro congregar\u00e1 el 28 y el 29 de abril a personas expertas internacionales, profesionales y entidades especializadas para debatir sobre la econom\u00eda circular y el tratamiento de residuos<\/strong><\/p>\n\n\n\n<p>La Mancomunidad del Sureste de Gran Canaria present\u00f3 este martes 21 de abril, en el Teatro Federico Garc\u00eda Lorca de Ingenio, una nueva edici\u00f3n del Seminario Internacional de Comarcas Sostenibles que este 2026 cumple 19 a\u00f1os. Consolidado ya como un foro clave de an\u00e1lisis, reflexi\u00f3n e intercambio de experiencias en torno al desarrollo sostenible de los territorios con especial \u00e9nfasis en el \u00e1mbito local y comarcal, esta edici\u00f3n se centra en la econom\u00eda circular y la valorizaci\u00f3n y gesti\u00f3n de residuos en islas y territorios aislados.<\/p>\n\n\n\n<p>El acto cont\u00f3 con la presencia de la presidenta de la Mancomunidad del Sureste de Gran Canaria y alcaldesa de Ingenio, Vanesa Mart\u00edn; el alcalde de Ag\u00fcimes, \u00d3scar Hern\u00e1ndez, y el alcalde de Santa Luc\u00eda de Tirajana, Francisco Garc\u00eda. Durante la presentaci\u00f3n se dio a conocer la programaci\u00f3n del seminario, que este a\u00f1o aborda la generaci\u00f3n de residuos, el camino hacia una econom\u00eda circular y la valorizaci\u00f3n energ\u00e9tica como recurso complementario en la estrategia de prevenci\u00f3n, reutilizaci\u00f3n y reciclaje.<\/p>\n\n\n\n<p>La presidenta de la Mancomunidad del Sureste y alcaldesa de Ingenio, Vanesa Mart\u00edn, destac\u00f3&nbsp; la \u201cconsolidaci\u00f3n del sureste grancanario como un espacio clave para el debate y la acci\u00f3n en materia de sostenibilidad a trav\u00e9s de este Seminario Internacional de Comarcas Sostenibles, que pone el foco en la gesti\u00f3n de residuos, uno de los principales desaf\u00edos a los que se enfrentan actualmente los territorios insulares\u201d. En esta l\u00ednea, hizo hincapi\u00e9 en la dimensi\u00f3n educativa, \u201cya que la construcci\u00f3n de un futuro m\u00e1s responsable implica a las personas j\u00f3venes, cuya generaci\u00f3n continuar\u00e1 creando un cambio real hacia modelos m\u00e1s sostenibles y adaptados a nuestra realidad\u201d.<\/p>\n\n\n\n<p>Por su parte, el alcalde de Ag\u00fcimes, \u00d3scar Hern\u00e1ndez, asegur\u00f3 que \u201ctenemos que estar orgullosos y orgullosas del resultado de estas ediciones anteriores. Si cuando arrancamos con este seminario era una cuesti\u00f3n de principios b\u00e1sicos para el compromiso con el planeta, la realidad posterior se ha ido imponiendo y aquello que en principio era teor\u00eda, ahora es pr\u00e1ctica habitual y adem\u00e1s una generaci\u00f3n de recursos econ\u00f3micos\u201d. El regidor puntualiz\u00f3 adem\u00e1s que \u00abeste foro es la demostraci\u00f3n pr\u00e1ctica de que muchas veces los aspectos te\u00f3ricos de los compromisos se ejecutan y por lo tanto son beneficiosos para la Tierra\u201d.<\/p>\n\n\n\n<p>\u201cCon este seminario queremos generar concienciaci\u00f3n entre la ciudadan\u00eda no s\u00f3lo a trav\u00e9s de las ponencias de las personas expertas que vienen de diferentes puntos del planeta a contarnos sus experiencias, sino tambi\u00e9n a trav\u00e9s de las propias experiencias de la Mancomunidad del Sureste\u201d, a\u00f1adi\u00f3 el alcalde de Santa Luc\u00eda de Tirajana, Francisco Garc\u00eda. Un evento gracias al cual, destac\u00f3, \u201cnos enriquecemos todos y todas y se ponen en marcha proyectos que benefician al medio ambiente y a la econom\u00eda circular en el sureste de Gran Canaria y en la isla de Gran Canaria\u201d.<\/p>\n\n\n\n<p>El XIX Seminario Internacional de Comarcas Sostenibles pretende convertirse el 28 y el 29 de abril en un encuentro donde personal t\u00e9cnico, responsables p\u00fablicos, empresas, entidades y ciudadan\u00eda puedan intercambiar ideas y herramientas para actuar hacia un sureste de Gran Canaria m\u00e1s sostenible y preparado para el futuro.<\/p>\n\n\n\n<p><\/p>\n","protected":false},"excerpt":{"rendered":"<p>El encuentro congregar\u00e1 el 28 y el 29 de abril a personas expertas internacionales, profesionales y entidades especializadas para debatir sobre la econom\u00eda circular y el<span class=\"excerpt-hellip\"> [\u2026]<\/span><\/p>\n","protected":false},"author":4,"featured_media":935,"comment_status":"open","ping_status":"open","sticky":false,"template":"","format":"standard","meta":{"footnotes":""},"categories":[3],"tags":[],"class_list":["post-933","post","type-post","status-publish","format-standard","has-post-thumbnail","hentry","category-noticias"],"yoast_head":"<!-- This site is optimized with the Yoast SEO plugin v27.0 - https:\/\/yoast.com\/product\/yoast-seo-wordpress\/ -->\n<title>La Mancomunidad del Sureste presenta la XIX edici\u00f3n del Seminario Internacional de Comarcas Sostenibles - Mancomunidad Sureste de Gran Canaria<\/title>\n<meta name=\"robots\" content=\"noindex, follow, max-snippet:-1, max-image-preview:large, max-video-preview:-1\" \/>\n<meta property=\"og:locale\" content=\"es_ES\" \/>\n<meta property=\"og:type\" content=\"article\" \/>\n<meta property=\"og:title\" content=\"La Mancomunidad del Sureste presenta la XIX edici\u00f3n del Seminario Internacional de Comarcas Sostenibles - Mancomunidad Sureste de Gran Canaria\" \/>\n<meta property=\"og:description\" content=\"El encuentro congregar\u00e1 el 28 y el 29 de abril a personas expertas internacionales, profesionales y entidades especializadas para debatir sobre la econom\u00eda circular y el [\u2026]\" \/>\n<meta property=\"og:url\" content=\"https:\/\/surestegc.org\/index.php\/2026\/04\/21\/la-mancomunidad-del-sureste-presenta-la-xix-edicion-del-seminario-internacional-de-comarcas-sostenibles\/\" \/>\n<meta property=\"og:site_name\" content=\"Mancomunidad Sureste de Gran Canaria\" \/>\n<meta property=\"article:published_time\" content=\"2026-04-21T12:38:27+00:00\" \/>\n<meta property=\"article:modified_time\" content=\"2026-04-21T12:38:28+00:00\" \/>\n<meta property=\"og:image\" content=\"https:\/\/surestegc.org\/wp-content\/uploads\/2026\/04\/Presentacion-XIX-Seminario-Internacional-de-Comarcas-Sostenibles.jpeg\" \/>\n\t<meta property=\"og:image:width\" content=\"1600\" \/>\n\t<meta property=\"og:image:height\" content=\"1200\" \/>\n\t<meta property=\"og:image:type\" content=\"image\/jpeg\" \/>\n<meta name=\"author\" content=\"prensa\" \/>\n<meta name=\"twitter:card\" content=\"summary_large_image\" \/>\n<meta name=\"twitter:label1\" content=\"Escrito por\" \/>\n\t<meta name=\"twitter:data1\" content=\"prensa\" \/>\n\t<meta name=\"twitter:label2\" content=\"Tiempo de lectura\" \/>\n\t<meta name=\"twitter:data2\" content=\"3 minutos\" \/>\n<script type=\"application\/ld+json\" class=\"yoast-schema-graph\">{\"@context\":\"https:\/\/schema.org\",\"@graph\":[{\"@type\":\"Article\",\"@id\":\"https:\/\/surestegc.org\/index.php\/2026\/04\/21\/la-mancomunidad-del-sureste-presenta-la-xix-edicion-del-seminario-internacional-de-comarcas-sostenibles\/#article\",\"isPartOf\":{\"@id\":\"https:\/\/surestegc.org\/index.php\/2026\/04\/21\/la-mancomunidad-del-sureste-presenta-la-xix-edicion-del-seminario-internacional-de-comarcas-sostenibles\/\"},\"author\":{\"name\":\"prensa\",\"@id\":\"https:\/\/surestegc.org\/#\/schema\/person\/95f82da7710f9f262ab0e97c846c0b4a\"},\"headline\":\"La Mancomunidad del Sureste presenta la XIX edici\u00f3n del Seminario Internacional de Comarcas Sostenibles\",\"datePublished\":\"2026-04-21T12:38:27+00:00\",\"dateModified\":\"2026-04-21T12:38:28+00:00\",\"mainEntityOfPage\":{\"@id\":\"https:\/\/surestegc.org\/index.php\/2026\/04\/21\/la-mancomunidad-del-sureste-presenta-la-xix-edicion-del-seminario-internacional-de-comarcas-sostenibles\/\"},\"wordCount\":611,\"commentCount\":0,\"publisher\":{\"@id\":\"https:\/\/surestegc.org\/#organization\"},\"image\":{\"@id\":\"https:\/\/surestegc.org\/index.php\/2026\/04\/21\/la-mancomunidad-del-sureste-presenta-la-xix-edicion-del-seminario-internacional-de-comarcas-sostenibles\/#primaryimage\"},\"thumbnailUrl\":\"https:\/\/surestegc.org\/wp-content\/uploads\/2026\/04\/Presentacion-XIX-Seminario-Internacional-de-Comarcas-Sostenibles.jpeg\",\"articleSection\":[\"Noticias\"],\"inLanguage\":\"es\",\"potentialAction\":[{\"@type\":\"CommentAction\",\"name\":\"Comment\",\"target\":[\"https:\/\/surestegc.org\/index.php\/2026\/04\/21\/la-mancomunidad-del-sureste-presenta-la-xix-edicion-del-seminario-internacional-de-comarcas-sostenibles\/#respond\"]}]},{\"@type\":\"WebPage\",\"@id\":\"https:\/\/surestegc.org\/index.php\/2026\/04\/21\/la-mancomunidad-del-sureste-presenta-la-xix-edicion-del-seminario-internacional-de-comarcas-sostenibles\/\",\"url\":\"https:\/\/surestegc.org\/index.php\/2026\/04\/21\/la-mancomunidad-del-sureste-presenta-la-xix-edicion-del-seminario-internacional-de-comarcas-sostenibles\/\",\"name\":\"La Mancomunidad del Sureste presenta la XIX edici\u00f3n del Seminario Internacional de Comarcas Sostenibles - Mancomunidad Sureste de Gran Canaria\",\"isPartOf\":{\"@id\":\"https:\/\/surestegc.org\/#website\"},\"primaryImageOfPage\":{\"@id\":\"https:\/\/surestegc.org\/index.php\/2026\/04\/21\/la-mancomunidad-del-sureste-presenta-la-xix-edicion-del-seminario-internacional-de-comarcas-sostenibles\/#primaryimage\"},\"image\":{\"@id\":\"https:\/\/surestegc.org\/index.php\/2026\/04\/21\/la-mancomunidad-del-sureste-presenta-la-xix-edicion-del-seminario-internacional-de-comarcas-sostenibles\/#primaryimage\"},\"thumbnailUrl\":\"https:\/\/surestegc.org\/wp-content\/uploads\/2026\/04\/Presentacion-XIX-Seminario-Internacional-de-Comarcas-Sostenibles.jpeg\",\"datePublished\":\"2026-04-21T12:38:27+00:00\",\"dateModified\":\"2026-04-21T12:38:28+00:00\",\"breadcrumb\":{\"@id\":\"https:\/\/surestegc.org\/index.php\/2026\/04\/21\/la-mancomunidad-del-sureste-presenta-la-xix-edicion-del-seminario-internacional-de-comarcas-sostenibles\/#breadcrumb\"},\"inLanguage\":\"es\",\"potentialAction\":[{\"@type\":\"ReadAction\",\"target\":[\"https:\/\/surestegc.org\/index.php\/2026\/04\/21\/la-mancomunidad-del-sureste-presenta-la-xix-edicion-del-seminario-internacional-de-comarcas-sostenibles\/\"]}]},{\"@type\":\"ImageObject\",\"inLanguage\":\"es\",\"@id\":\"https:\/\/surestegc.org\/index.php\/2026\/04\/21\/la-mancomunidad-del-sureste-presenta-la-xix-edicion-del-seminario-internacional-de-comarcas-sostenibles\/#primaryimage\",\"url\":\"https:\/\/surestegc.org\/wp-content\/uploads\/2026\/04\/Presentacion-XIX-Seminario-Internacional-de-Comarcas-Sostenibles.jpeg\",\"contentUrl\":\"https:\/\/surestegc.org\/wp-content\/uploads\/2026\/04\/Presentacion-XIX-Seminario-Internacional-de-Comarcas-Sostenibles.jpeg\",\"width\":1600,\"height\":1200},{\"@type\":\"BreadcrumbList\",\"@id\":\"https:\/\/surestegc.org\/index.php\/2026\/04\/21\/la-mancomunidad-del-sureste-presenta-la-xix-edicion-del-seminario-internacional-de-comarcas-sostenibles\/#breadcrumb\",\"itemListElement\":[{\"@type\":\"ListItem\",\"position\":1,\"name\":\"Portada\",\"item\":\"https:\/\/surestegc.org\/\"},{\"@type\":\"ListItem\",\"position\":2,\"name\":\"La Mancomunidad del Sureste presenta la XIX edici\u00f3n del Seminario Internacional de Comarcas Sostenibles\"}]},{\"@type\":\"WebSite\",\"@id\":\"https:\/\/surestegc.org\/#website\",\"url\":\"https:\/\/surestegc.org\/\",\"name\":\"Mancomunidad Sureste de Gran Canaria\",\"description\":\"La Mancomunidad Intermunicipal del Sureste de Gran Canaria, es una Mancomunidad situada en la isla de Gran Canaria, Espa\u00f1a, y que agrupa a los municipios de Santa Luc\u00eda de Tirajana, Ingenio y Ag\u00fcimes.\",\"publisher\":{\"@id\":\"https:\/\/surestegc.org\/#organization\"},\"potentialAction\":[{\"@type\":\"SearchAction\",\"target\":{\"@type\":\"EntryPoint\",\"urlTemplate\":\"https:\/\/surestegc.org\/?s={search_term_string}\"},\"query-input\":{\"@type\":\"PropertyValueSpecification\",\"valueRequired\":true,\"valueName\":\"search_term_string\"}}],\"inLanguage\":\"es\"},{\"@type\":\"Organization\",\"@id\":\"https:\/\/surestegc.org\/#organization\",\"name\":\"Mancomunidad Sureste de Gran Canaria\",\"url\":\"https:\/\/surestegc.org\/\",\"logo\":{\"@type\":\"ImageObject\",\"inLanguage\":\"es\",\"@id\":\"https:\/\/surestegc.org\/#\/schema\/logo\/image\/\",\"url\":\"https:\/\/surestegc.org\/wp-content\/uploads\/2023\/06\/cropped-Logo-Mancomunidad-so\u0301lo.png\",\"contentUrl\":\"https:\/\/surestegc.org\/wp-content\/uploads\/2023\/06\/cropped-Logo-Mancomunidad-so\u0301lo.png\",\"width\":200,\"height\":296,\"caption\":\"Mancomunidad Sureste de Gran Canaria\"},\"image\":{\"@id\":\"https:\/\/surestegc.org\/#\/schema\/logo\/image\/\"}},{\"@type\":\"Person\",\"@id\":\"https:\/\/surestegc.org\/#\/schema\/person\/95f82da7710f9f262ab0e97c846c0b4a\",\"name\":\"prensa\",\"image\":{\"@type\":\"ImageObject\",\"inLanguage\":\"es\",\"@id\":\"https:\/\/surestegc.org\/#\/schema\/person\/image\/\",\"url\":\"https:\/\/secure.gravatar.com\/avatar\/cc84ffa096c8a4e9256688e0867f139f995cc9fe3bb0a230705db48aaf3a6466?s=96&d=mm&r=g\",\"contentUrl\":\"https:\/\/secure.gravatar.com\/avatar\/cc84ffa096c8a4e9256688e0867f139f995cc9fe3bb0a230705db48aaf3a6466?s=96&d=mm&r=g\",\"caption\":\"prensa\"},\"url\":\"https:\/\/surestegc.org\/index.php\/author\/prensa\/\"}]}<\/script>\n<!-- \/ Yoast SEO plugin. -->","yoast_head_json":{"title":"La Mancomunidad del Sureste presenta la XIX edici\u00f3n del Seminario Internacional de Comarcas Sostenibles - Mancomunidad Sureste de Gran Canaria","robots":{"index":"noindex","follow":"follow","max-snippet":"max-snippet:-1","max-image-preview":"max-image-preview:large","max-video-preview":"max-video-preview:-1"},"og_locale":"es_ES","og_type":"article","og_title":"La Mancomunidad del Sureste presenta la XIX edici\u00f3n del Seminario Internacional de Comarcas Sostenibles - Mancomunidad Sureste de Gran Canaria","og_description":"El encuentro congregar\u00e1 el 28 y el 29 de abril a personas expertas internacionales, profesionales y entidades especializadas para debatir sobre la econom\u00eda circular y el [\u2026]","og_url":"https:\/\/surestegc.org\/index.php\/2026\/04\/21\/la-mancomunidad-del-sureste-presenta-la-xix-edicion-del-seminario-internacional-de-comarcas-sostenibles\/","og_site_name":"Mancomunidad Sureste de Gran Canaria","article_published_time":"2026-04-21T12:38:27+00:00","article_modified_time":"2026-04-21T12:38:28+00:00","og_image":[{"width":1600,"height":1200,"url":"https:\/\/surestegc.org\/wp-content\/uploads\/2026\/04\/Presentacion-XIX-Seminario-Internacional-de-Comarcas-Sostenibles.jpeg","type":"image\/jpeg"}],"author":"prensa","twitter_card":"summary_large_image","twitter_misc":{"Escrito por":"prensa","Tiempo de lectura":"3 minutos"},"schema":{"@context":"https:\/\/schema.org","@graph":[{"@type":"Article","@id":"https:\/\/surestegc.org\/index.php\/2026\/04\/21\/la-mancomunidad-del-sureste-presenta-la-xix-edicion-del-seminario-internacional-de-comarcas-sostenibles\/#article","isPartOf":{"@id":"https:\/\/surestegc.org\/index.php\/2026\/04\/21\/la-mancomunidad-del-sureste-presenta-la-xix-edicion-del-seminario-internacional-de-comarcas-sostenibles\/"},"author":{"name":"prensa","@id":"https:\/\/surestegc.org\/#\/schema\/person\/95f82da7710f9f262ab0e97c846c0b4a"},"headline":"La Mancomunidad del Sureste presenta la XIX edici\u00f3n del Seminario Internacional de Comarcas Sostenibles","datePublished":"2026-04-21T12:38:27+00:00","dateModified":"2026-04-21T12:38:28+00:00","mainEntityOfPage":{"@id":"https:\/\/surestegc.org\/index.php\/2026\/04\/21\/la-mancomunidad-del-sureste-presenta-la-xix-edicion-del-seminario-internacional-de-comarcas-sostenibles\/"},"wordCount":611,"commentCount":0,"publisher":{"@id":"https:\/\/surestegc.org\/#organization"},"image":{"@id":"https:\/\/surestegc.org\/index.php\/2026\/04\/21\/la-mancomunidad-del-sureste-presenta-la-xix-edicion-del-seminario-internacional-de-comarcas-sostenibles\/#primaryimage"},"thumbnailUrl":"https:\/\/surestegc.org\/wp-content\/uploads\/2026\/04\/Presentacion-XIX-Seminario-Internacional-de-Comarcas-Sostenibles.jpeg","articleSection":["Noticias"],"inLanguage":"es","potentialAction":[{"@type":"CommentAction","name":"Comment","target":["https:\/\/surestegc.org\/index.php\/2026\/04\/21\/la-mancomunidad-del-sureste-presenta-la-xix-edicion-del-seminario-internacional-de-comarcas-sostenibles\/#respond"]}]},{"@type":"WebPage","@id":"https:\/\/surestegc.org\/index.php\/2026\/04\/21\/la-mancomunidad-del-sureste-presenta-la-xix-edicion-del-seminario-internacional-de-comarcas-sostenibles\/","url":"https:\/\/surestegc.org\/index.php\/2026\/04\/21\/la-mancomunidad-del-sureste-presenta-la-xix-edicion-del-seminario-internacional-de-comarcas-sostenibles\/","name":"La Mancomunidad del Sureste presenta la XIX edici\u00f3n del Seminario Internacional de Comarcas Sostenibles - Mancomunidad Sureste de Gran Canaria","isPartOf":{"@id":"https:\/\/surestegc.org\/#website"},"primaryImageOfPage":{"@id":"https:\/\/surestegc.org\/index.php\/2026\/04\/21\/la-mancomunidad-del-sureste-presenta-la-xix-edicion-del-seminario-internacional-de-comarcas-sostenibles\/#primaryimage"},"image":{"@id":"https:\/\/surestegc.org\/index.php\/2026\/04\/21\/la-mancomunidad-del-sureste-presenta-la-xix-edicion-del-seminario-internacional-de-comarcas-sostenibles\/#primaryimage"},"thumbnailUrl":"https:\/\/surestegc.org\/wp-content\/uploads\/2026\/04\/Presentacion-XIX-Seminario-Internacional-de-Comarcas-Sostenibles.jpeg","datePublished":"2026-04-21T12:38:27+00:00","dateModified":"2026-04-21T12:38:28+00:00","breadcrumb":{"@id":"https:\/\/surestegc.org\/index.php\/2026\/04\/21\/la-mancomunidad-del-sureste-presenta-la-xix-edicion-del-seminario-internacional-de-comarcas-sostenibles\/#breadcrumb"},"inLanguage":"es","potentialAction":[{"@type":"ReadAction","target":["https:\/\/surestegc.org\/index.php\/2026\/04\/21\/la-mancomunidad-del-sureste-presenta-la-xix-edicion-del-seminario-internacional-de-comarcas-sostenibles\/"]}]},{"@type":"ImageObject","inLanguage":"es","@id":"https:\/\/surestegc.org\/index.php\/2026\/04\/21\/la-mancomunidad-del-sureste-presenta-la-xix-edicion-del-seminario-internacional-de-comarcas-sostenibles\/#primaryimage","url":"https:\/\/surestegc.org\/wp-content\/uploads\/2026\/04\/Presentacion-XIX-Seminario-Internacional-de-Comarcas-Sostenibles.jpeg","contentUrl":"https:\/\/surestegc.org\/wp-content\/uploads\/2026\/04\/Presentacion-XIX-Seminario-Internacional-de-Comarcas-Sostenibles.jpeg","width":1600,"height":1200},{"@type":"BreadcrumbList","@id":"https:\/\/surestegc.org\/index.php\/2026\/04\/21\/la-mancomunidad-del-sureste-presenta-la-xix-edicion-del-seminario-internacional-de-comarcas-sostenibles\/#breadcrumb","itemListElement":[{"@type":"ListItem","position":1,"name":"Portada","item":"https:\/\/surestegc.org\/"},{"@type":"ListItem","position":2,"name":"La Mancomunidad del Sureste presenta la XIX edici\u00f3n del Seminario Internacional de Comarcas Sostenibles"}]},{"@type":"WebSite","@id":"https:\/\/surestegc.org\/#website","url":"https:\/\/surestegc.org\/","name":"Mancomunidad Sureste de Gran Canaria","description":"La Mancomunidad Intermunicipal del Sureste de Gran Canaria, es una Mancomunidad situada en la isla de Gran Canaria, Espa\u00f1a, y que agrupa a los municipios de Santa Luc\u00eda de Tirajana, Ingenio y Ag\u00fcimes.","publisher":{"@id":"https:\/\/surestegc.org\/#organization"},"potentialAction":[{"@type":"SearchAction","target":{"@type":"EntryPoint","urlTemplate":"https:\/\/surestegc.org\/?s={search_term_string}"},"query-input":{"@type":"PropertyValueSpecification","valueRequired":true,"valueName":"search_term_string"}}],"inLanguage":"es"},{"@type":"Organization","@id":"https:\/\/surestegc.org\/#organization","name":"Mancomunidad Sureste de Gran Canaria","url":"https:\/\/surestegc.org\/","logo":{"@type":"ImageObject","inLanguage":"es","@id":"https:\/\/surestegc.org\/#\/schema\/logo\/image\/","url":"https:\/\/surestegc.org\/wp-content\/uploads\/2023\/06\/cropped-Logo-Mancomunidad-so\u0301lo.png","contentUrl":"https:\/\/surestegc.org\/wp-content\/uploads\/2023\/06\/cropped-Logo-Mancomunidad-so\u0301lo.png","width":200,"height":296,"caption":"Mancomunidad Sureste de Gran Canaria"},"image":{"@id":"https:\/\/surestegc.org\/#\/schema\/logo\/image\/"}},{"@type":"Person","@id":"https:\/\/surestegc.org\/#\/schema\/person\/95f82da7710f9f262ab0e97c846c0b4a","name":"prensa","image":{"@type":"ImageObject","inLanguage":"es","@id":"https:\/\/surestegc.org\/#\/schema\/person\/image\/","url":"https:\/\/secure.gravatar.com\/avatar\/cc84ffa096c8a4e9256688e0867f139f995cc9fe3bb0a230705db48aaf3a6466?s=96&d=mm&r=g","contentUrl":"https:\/\/secure.gravatar.com\/avatar\/cc84ffa096c8a4e9256688e0867f139f995cc9fe3bb0a230705db48aaf3a6466?s=96&d=mm&r=g","caption":"prensa"},"url":"https:\/\/surestegc.org\/index.php\/author\/prensa\/"}]}},"_links":{"self":[{"href":"https:\/\/surestegc.org\/index.php\/wp-json\/wp\/v2\/posts\/933","targetHints":{"allow":["GET"]}}],"collection":[{"href":"https:\/\/surestegc.org\/index.php\/wp-json\/wp\/v2\/posts"}],"about":[{"href":"https:\/\/surestegc.org\/index.php\/wp-json\/wp\/v2\/types\/post"}],"author":[{"embeddable":true,"href":"https:\/\/surestegc.org\/index.php\/wp-json\/wp\/v2\/users\/4"}],"replies":[{"embeddable":true,"href":"https:\/\/surestegc.org\/index.php\/wp-json\/wp\/v2\/comments?post=933"}],"version-history":[{"count":3,"href":"https:\/\/surestegc.org\/index.php\/wp-json\/wp\/v2\/posts\/933\/revisions"}],"predecessor-version":[{"id":937,"href":"https:\/\/surestegc.org\/index.php\/wp-json\/wp\/v2\/posts\/933\/revisions\/937"}],"wp:featuredmedia":[{"embeddable":true,"href":"https:\/\/surestegc.org\/index.php\/wp-json\/wp\/v2\/media\/935"}],"wp:attachment":[{"href":"https:\/\/surestegc.org\/index.php\/wp-json\/wp\/v2\/media?parent=933"}],"wp:term":[{"taxonomy":"category","embeddable":true,"href":"https:\/\/surestegc.org\/index.php\/wp-json\/wp\/v2\/categories?post=933"},{"taxonomy":"post_tag","embeddable":true,"href":"https:\/\/surestegc.org\/index.php\/wp-json\/wp\/v2\/tags?post=933"}],"curies":[{"name":"wp","href":"https:\/\/api.w.org\/{rel}","templated":true}]}}