{"id":728,"date":"2025-04-08T13:13:05","date_gmt":"2025-04-08T13:13:05","guid":{"rendered":"https:\/\/surestegc.org\/?p=728"},"modified":"2025-04-08T13:13:18","modified_gmt":"2025-04-08T13:13:18","slug":"proyecto-de-compostaje-en-centros-educativos-de-la-comarca-del-sureste","status":"publish","type":"post","link":"https:\/\/surestegc.org\/index.php\/2025\/04\/08\/proyecto-de-compostaje-en-centros-educativos-de-la-comarca-del-sureste\/","title":{"rendered":"Proyecto de compostaje en Centros educativos de la Comarca del Sureste"},"content":{"rendered":"\n<p class=\"has-medium-font-size\"><strong>\u00abPlan de Recuperaci\u00f3n, Transformaci\u00f3n y Resiliencia &#8211; Financiado por la Uni\u00f3n Europea \u2013 NextGenerationEU\u00bb.<\/strong><\/p>\n\n\n\n<p><strong>El Consejo Europeo de 21 de julio de 2020 acord\u00f3 un paquete de medidas de gran alcance que impulsen la convergencia, la resiliencia y la transformaci\u00f3n en la Uni\u00f3n Europea, que a\u00fanan el futuro marco financiero plurianual (MFP) para 2021-2027 reforzado y la puesta en marcha de un Instrumento Europeo de Recuperaci\u00f3n (\u00abNext Generation EU\u00bb) por valor de 750.000 millones.<\/strong><\/p>\n\n\n\n<p>La Mancomunidad del Sureste como entidad responsable del servicio de recogida de residuos de los ayuntamientos de Ag\u00fcimes, Ingenio y Santa Lucia, ha puesto en marcha diversas acciones de sensibilizaci\u00f3n ambiental e informaci\u00f3n relacionados con la recogida de residuos con la finalidad de reducir al m\u00e1ximo la cantidad de residuos destinados al vertedero.<\/p>\n\n\n\n<p>En concreto el <strong>Proyecto de compostaje en Centros educativos de la Comarca del Sureste<\/strong> promueve la separaci\u00f3n de los residuos org\u00e1nicos en los Colegios e IES de La Comarca a trav\u00e9s de una campa\u00f1a de apoyo y colaboraci\u00f3n con los centros educativos, mediante la instalaci\u00f3n y puesta en marcha de un total de 14 \u00e1reas de compostaje de residuos org\u00e1nicos distribuidas en catorce Colegios de la Comarca del Sureste (Ag\u00fcimes, Ingenio y Santa Lucia). La finalidad es facilitar la gesti\u00f3n de los restos org\u00e1nicos generados en dichos Centros educativos mediante el compostaje. Para llevar a cabo dicho proyecto se ha instalado en cada Colegio participante una compostera de 1m<sup>3<\/sup>,1 caj\u00f3n estructurante de 1m<sup>3<\/sup> y de la entrega de los accesorios y herramientas necesarias para facilitar dicho proceso de compostaje, pero sobretodo del asesoramiento a los colegios mediante la contrataci\u00f3n de personal t\u00e9cnico cualificado en t\u00e9cnicas de compostaje. Las \u00e1reas de compostaje han requerido de peque\u00f1as obras de allanado y preparaci\u00f3n del terreno.<\/p>\n\n\n\n<p>Objetivos del Proyecto:<\/p>\n\n\n\n<p>\u2022&nbsp;&nbsp;&nbsp;&nbsp;&nbsp;&nbsp; Amentar la tasa de reciclaje de los biorresiduos mediante acciones de sensibilizaci\u00f3n a trav\u00e9s del compostaje comunitario en Centros educativos.<\/p>\n\n\n\n<p>\u2022&nbsp;&nbsp;&nbsp;&nbsp;&nbsp;&nbsp; Implementar procesos que favorezcan la capacitaci\u00f3n de la Comunidad Educativa hacia el autocompostaje de los biorresiduos generados por los centros educativos.&nbsp;&nbsp;&nbsp;<\/p>\n\n\n\n<p>\u2022&nbsp;&nbsp;&nbsp;&nbsp;&nbsp;&nbsp; Promover la recogida separada de los biorresiduos producidos en los centros educativos.<\/p>\n\n\n\n<p>\u2022&nbsp;&nbsp;&nbsp;&nbsp;&nbsp;&nbsp; Dotar a los centros educativos de los recursos necesarios para implantar la recogida selectiva y compostaje in situ de los biorresiduos producidos.<\/p>\n\n\n\n<p>Los centros educativos CEIP e IES de la Comarca &nbsp;beneficiarios del Proyecto de compostaje son:<\/p>\n\n\n\n<p>CEIP Roque Aguayro, CEIP Doctor Juan Espino, S\u00e1nchez,CEIP Claudio de la Torre,IES Jos\u00e9 Zerpa,IES El Doctoral y CEIP Las Tederas, CEIP Monta\u00f1a Los V\u00e9lez,CEIP Mar\u00eda Mu\u00f1oz Mayor,CEIP Veinte de Enero,CEIP Aguatona,CEIP Barrio Costa,CEIP Bco de Balos,CEIP Santa Luc\u00eda, CEIP Tajinaste.<\/p>\n\n\n\n<p>El proyecto comenz\u00f3 en junio de 2023 y finalizara en octubre de 2025 con una duraci\u00f3n de 19 meses. El Proyecto ascienden a un total de 124.081,39 \u20ac IGIC y est\u00e1 <strong>Financiado por la Uni\u00f3n Europea \u2013 Next GenerationEU\u00bb, en el marco del Plan de Recuperaci\u00f3n, Transformaci\u00f3n y Resiliencia<\/strong>, la Consejeria de Transici\u00f3n Ecol\u00f3gica, Lucha contrael Cambio Clim\u00e1tico y Planificaci\u00f3n Territorial del Gobierno de Canarias, concedi\u00f3 al proyecto presentado por la Mancomunidad Intermunicipal del Sureste una subvenci\u00f3n por importe de 96.447,05 euros<strong>.<\/strong><\/p>\n\n\n\n<figure class=\"wp-block-gallery has-nested-images columns-default is-cropped wp-block-gallery-1 is-layout-flex wp-block-gallery-is-layout-flex\">\n\n\n\n\n<figure class=\"wp-block-image size-large\"><img loading=\"lazy\" decoding=\"async\" width=\"1024\" height=\"768\" data-id=\"733\" src=\"https:\/\/surestegc.org\/wp-content\/uploads\/2025\/04\/Imagen-de-WhatsApp-2025-03-17-a-las-19.12.28_888b9d1e-1-1024x768.jpg\" alt=\"\" class=\"wp-image-733\" srcset=\"https:\/\/surestegc.org\/wp-content\/uploads\/2025\/04\/Imagen-de-WhatsApp-2025-03-17-a-las-19.12.28_888b9d1e-1-1024x768.jpg 1024w, https:\/\/surestegc.org\/wp-content\/uploads\/2025\/04\/Imagen-de-WhatsApp-2025-03-17-a-las-19.12.28_888b9d1e-1-300x225.jpg 300w, https:\/\/surestegc.org\/wp-content\/uploads\/2025\/04\/Imagen-de-WhatsApp-2025-03-17-a-las-19.12.28_888b9d1e-1-768x576.jpg 768w, https:\/\/surestegc.org\/wp-content\/uploads\/2025\/04\/Imagen-de-WhatsApp-2025-03-17-a-las-19.12.28_888b9d1e-1-1536x1152.jpg 1536w, https:\/\/surestegc.org\/wp-content\/uploads\/2025\/04\/Imagen-de-WhatsApp-2025-03-17-a-las-19.12.28_888b9d1e-1-195x146.jpg 195w, https:\/\/surestegc.org\/wp-content\/uploads\/2025\/04\/Imagen-de-WhatsApp-2025-03-17-a-las-19.12.28_888b9d1e-1-50x38.jpg 50w, https:\/\/surestegc.org\/wp-content\/uploads\/2025\/04\/Imagen-de-WhatsApp-2025-03-17-a-las-19.12.28_888b9d1e-1-100x75.jpg 100w, https:\/\/surestegc.org\/wp-content\/uploads\/2025\/04\/Imagen-de-WhatsApp-2025-03-17-a-las-19.12.28_888b9d1e-1-960x720.jpg 960w, https:\/\/surestegc.org\/wp-content\/uploads\/2025\/04\/Imagen-de-WhatsApp-2025-03-17-a-las-19.12.28_888b9d1e-1.jpg 1600w\" sizes=\"auto, (max-width: 1024px) 100vw, 1024px\" \/><\/figure>\n\n\n\n\n\n<figure class=\"wp-block-image size-large\"><img loading=\"lazy\" decoding=\"async\" width=\"1024\" height=\"768\" data-id=\"734\" src=\"https:\/\/surestegc.org\/wp-content\/uploads\/2025\/04\/IMG-20250403-WA0012-1-1024x768.jpg\" alt=\"\" class=\"wp-image-734\" srcset=\"https:\/\/surestegc.org\/wp-content\/uploads\/2025\/04\/IMG-20250403-WA0012-1-1024x768.jpg 1024w, https:\/\/surestegc.org\/wp-content\/uploads\/2025\/04\/IMG-20250403-WA0012-1-300x225.jpg 300w, https:\/\/surestegc.org\/wp-content\/uploads\/2025\/04\/IMG-20250403-WA0012-1-768x576.jpg 768w, https:\/\/surestegc.org\/wp-content\/uploads\/2025\/04\/IMG-20250403-WA0012-1-1536x1152.jpg 1536w, https:\/\/surestegc.org\/wp-content\/uploads\/2025\/04\/IMG-20250403-WA0012-1-195x146.jpg 195w, https:\/\/surestegc.org\/wp-content\/uploads\/2025\/04\/IMG-20250403-WA0012-1-50x38.jpg 50w, https:\/\/surestegc.org\/wp-content\/uploads\/2025\/04\/IMG-20250403-WA0012-1-100x75.jpg 100w, https:\/\/surestegc.org\/wp-content\/uploads\/2025\/04\/IMG-20250403-WA0012-1-960x720.jpg 960w, https:\/\/surestegc.org\/wp-content\/uploads\/2025\/04\/IMG-20250403-WA0012-1.jpg 2040w\" sizes=\"auto, (max-width: 1024px) 100vw, 1024px\" \/><\/figure>\n\n\n\n<figure class=\"wp-block-image size-large\"><img loading=\"lazy\" decoding=\"async\" width=\"1024\" height=\"768\" data-id=\"736\" src=\"https:\/\/surestegc.org\/wp-content\/uploads\/2025\/04\/IMG-20250403-WA0015-1-1024x768.jpg\" alt=\"\" class=\"wp-image-736\" srcset=\"https:\/\/surestegc.org\/wp-content\/uploads\/2025\/04\/IMG-20250403-WA0015-1-1024x768.jpg 1024w, https:\/\/surestegc.org\/wp-content\/uploads\/2025\/04\/IMG-20250403-WA0015-1-300x225.jpg 300w, https:\/\/surestegc.org\/wp-content\/uploads\/2025\/04\/IMG-20250403-WA0015-1-768x576.jpg 768w, https:\/\/surestegc.org\/wp-content\/uploads\/2025\/04\/IMG-20250403-WA0015-1-1536x1152.jpg 1536w, https:\/\/surestegc.org\/wp-content\/uploads\/2025\/04\/IMG-20250403-WA0015-1-195x146.jpg 195w, https:\/\/surestegc.org\/wp-content\/uploads\/2025\/04\/IMG-20250403-WA0015-1-50x38.jpg 50w, https:\/\/surestegc.org\/wp-content\/uploads\/2025\/04\/IMG-20250403-WA0015-1-100x75.jpg 100w, https:\/\/surestegc.org\/wp-content\/uploads\/2025\/04\/IMG-20250403-WA0015-1-960x720.jpg 960w, https:\/\/surestegc.org\/wp-content\/uploads\/2025\/04\/IMG-20250403-WA0015-1.jpg 2040w\" sizes=\"auto, (max-width: 1024px) 100vw, 1024px\" \/><\/figure>\n\n\n\n<figure class=\"wp-block-image size-large\"><img loading=\"lazy\" decoding=\"async\" width=\"768\" height=\"1024\" data-id=\"735\" src=\"https:\/\/surestegc.org\/wp-content\/uploads\/2025\/04\/IMG-20250403-WA0016-1-768x1024.jpg\" alt=\"\" class=\"wp-image-735\" srcset=\"https:\/\/surestegc.org\/wp-content\/uploads\/2025\/04\/IMG-20250403-WA0016-1-768x1024.jpg 768w, https:\/\/surestegc.org\/wp-content\/uploads\/2025\/04\/IMG-20250403-WA0016-1-225x300.jpg 225w, https:\/\/surestegc.org\/wp-content\/uploads\/2025\/04\/IMG-20250403-WA0016-1-1152x1536.jpg 1152w, https:\/\/surestegc.org\/wp-content\/uploads\/2025\/04\/IMG-20250403-WA0016-1-110x146.jpg 110w, https:\/\/surestegc.org\/wp-content\/uploads\/2025\/04\/IMG-20250403-WA0016-1-38x50.jpg 38w, https:\/\/surestegc.org\/wp-content\/uploads\/2025\/04\/IMG-20250403-WA0016-1-56x75.jpg 56w, https:\/\/surestegc.org\/wp-content\/uploads\/2025\/04\/IMG-20250403-WA0016-1.jpg 1536w\" sizes=\"auto, (max-width: 768px) 100vw, 768px\" \/><\/figure>\n<\/figure>\n","protected":false},"excerpt":{"rendered":"<p>\u00abPlan de Recuperaci\u00f3n, Transformaci\u00f3n y Resiliencia &#8211; Financiado por la Uni\u00f3n Europea \u2013 NextGenerationEU\u00bb. El Consejo Europeo de 21 de julio de 2020 acord\u00f3 un paquete<span class=\"excerpt-hellip\"> [\u2026]<\/span><\/p>\n","protected":false},"author":3,"featured_media":730,"comment_status":"open","ping_status":"open","sticky":false,"template":"","format":"standard","meta":{"footnotes":""},"categories":[3],"tags":[],"class_list":["post-728","post","type-post","status-publish","format-standard","has-post-thumbnail","hentry","category-noticias"],"yoast_head":"<!-- This site is optimized with the Yoast SEO plugin v27.0 - https:\/\/yoast.com\/product\/yoast-seo-wordpress\/ -->\n<title>Proyecto de compostaje en Centros educativos de la Comarca del Sureste - Mancomunidad Sureste de Gran Canaria<\/title>\n<meta name=\"robots\" content=\"noindex, follow, max-snippet:-1, max-image-preview:large, max-video-preview:-1\" \/>\n<meta property=\"og:locale\" content=\"es_ES\" \/>\n<meta property=\"og:type\" content=\"article\" \/>\n<meta property=\"og:title\" content=\"Proyecto de compostaje en Centros educativos de la Comarca del Sureste - Mancomunidad Sureste de Gran Canaria\" \/>\n<meta property=\"og:description\" content=\"\u00abPlan de Recuperaci\u00f3n, Transformaci\u00f3n y Resiliencia &#8211; Financiado por la Uni\u00f3n Europea \u2013 NextGenerationEU\u00bb. El Consejo Europeo de 21 de julio de 2020 acord\u00f3 un paquete [\u2026]\" \/>\n<meta property=\"og:url\" content=\"https:\/\/surestegc.org\/index.php\/2025\/04\/08\/proyecto-de-compostaje-en-centros-educativos-de-la-comarca-del-sureste\/\" \/>\n<meta property=\"og:site_name\" content=\"Mancomunidad Sureste de Gran Canaria\" \/>\n<meta property=\"article:published_time\" content=\"2025-04-08T13:13:05+00:00\" \/>\n<meta property=\"article:modified_time\" content=\"2025-04-08T13:13:18+00:00\" \/>\n<meta property=\"og:image\" content=\"https:\/\/surestegc.org\/wp-content\/uploads\/2025\/04\/Imagen-de-WhatsApp-2025-03-17-a-las-19.12.28_888b9d1e.jpg\" \/>\n\t<meta property=\"og:image:width\" content=\"1600\" \/>\n\t<meta property=\"og:image:height\" content=\"1200\" \/>\n\t<meta property=\"og:image:type\" content=\"image\/jpeg\" \/>\n<meta name=\"author\" content=\"webmancomunidad\" \/>\n<meta name=\"twitter:card\" content=\"summary_large_image\" \/>\n<meta name=\"twitter:label1\" content=\"Escrito por\" \/>\n\t<meta name=\"twitter:data1\" content=\"webmancomunidad\" \/>\n\t<meta name=\"twitter:label2\" content=\"Tiempo de lectura\" \/>\n\t<meta name=\"twitter:data2\" content=\"4 minutos\" \/>\n<script type=\"application\/ld+json\" class=\"yoast-schema-graph\">{\"@context\":\"https:\/\/schema.org\",\"@graph\":[{\"@type\":\"Article\",\"@id\":\"https:\/\/surestegc.org\/index.php\/2025\/04\/08\/proyecto-de-compostaje-en-centros-educativos-de-la-comarca-del-sureste\/#article\",\"isPartOf\":{\"@id\":\"https:\/\/surestegc.org\/index.php\/2025\/04\/08\/proyecto-de-compostaje-en-centros-educativos-de-la-comarca-del-sureste\/\"},\"author\":{\"name\":\"webmancomunidad\",\"@id\":\"https:\/\/surestegc.org\/#\/schema\/person\/2b532951ab9c618390fa6e9cff1a640f\"},\"headline\":\"Proyecto de compostaje en Centros educativos de la Comarca del Sureste\",\"datePublished\":\"2025-04-08T13:13:05+00:00\",\"dateModified\":\"2025-04-08T13:13:18+00:00\",\"mainEntityOfPage\":{\"@id\":\"https:\/\/surestegc.org\/index.php\/2025\/04\/08\/proyecto-de-compostaje-en-centros-educativos-de-la-comarca-del-sureste\/\"},\"wordCount\":585,\"commentCount\":0,\"publisher\":{\"@id\":\"https:\/\/surestegc.org\/#organization\"},\"image\":{\"@id\":\"https:\/\/surestegc.org\/index.php\/2025\/04\/08\/proyecto-de-compostaje-en-centros-educativos-de-la-comarca-del-sureste\/#primaryimage\"},\"thumbnailUrl\":\"https:\/\/surestegc.org\/wp-content\/uploads\/2025\/04\/Imagen-de-WhatsApp-2025-03-17-a-las-19.12.28_888b9d1e.jpg\",\"articleSection\":[\"Noticias\"],\"inLanguage\":\"es\",\"potentialAction\":[{\"@type\":\"CommentAction\",\"name\":\"Comment\",\"target\":[\"https:\/\/surestegc.org\/index.php\/2025\/04\/08\/proyecto-de-compostaje-en-centros-educativos-de-la-comarca-del-sureste\/#respond\"]}]},{\"@type\":\"WebPage\",\"@id\":\"https:\/\/surestegc.org\/index.php\/2025\/04\/08\/proyecto-de-compostaje-en-centros-educativos-de-la-comarca-del-sureste\/\",\"url\":\"https:\/\/surestegc.org\/index.php\/2025\/04\/08\/proyecto-de-compostaje-en-centros-educativos-de-la-comarca-del-sureste\/\",\"name\":\"Proyecto de compostaje en Centros educativos de la Comarca del Sureste - Mancomunidad Sureste de Gran Canaria\",\"isPartOf\":{\"@id\":\"https:\/\/surestegc.org\/#website\"},\"primaryImageOfPage\":{\"@id\":\"https:\/\/surestegc.org\/index.php\/2025\/04\/08\/proyecto-de-compostaje-en-centros-educativos-de-la-comarca-del-sureste\/#primaryimage\"},\"image\":{\"@id\":\"https:\/\/surestegc.org\/index.php\/2025\/04\/08\/proyecto-de-compostaje-en-centros-educativos-de-la-comarca-del-sureste\/#primaryimage\"},\"thumbnailUrl\":\"https:\/\/surestegc.org\/wp-content\/uploads\/2025\/04\/Imagen-de-WhatsApp-2025-03-17-a-las-19.12.28_888b9d1e.jpg\",\"datePublished\":\"2025-04-08T13:13:05+00:00\",\"dateModified\":\"2025-04-08T13:13:18+00:00\",\"breadcrumb\":{\"@id\":\"https:\/\/surestegc.org\/index.php\/2025\/04\/08\/proyecto-de-compostaje-en-centros-educativos-de-la-comarca-del-sureste\/#breadcrumb\"},\"inLanguage\":\"es\",\"potentialAction\":[{\"@type\":\"ReadAction\",\"target\":[\"https:\/\/surestegc.org\/index.php\/2025\/04\/08\/proyecto-de-compostaje-en-centros-educativos-de-la-comarca-del-sureste\/\"]}]},{\"@type\":\"ImageObject\",\"inLanguage\":\"es\",\"@id\":\"https:\/\/surestegc.org\/index.php\/2025\/04\/08\/proyecto-de-compostaje-en-centros-educativos-de-la-comarca-del-sureste\/#primaryimage\",\"url\":\"https:\/\/surestegc.org\/wp-content\/uploads\/2025\/04\/Imagen-de-WhatsApp-2025-03-17-a-las-19.12.28_888b9d1e.jpg\",\"contentUrl\":\"https:\/\/surestegc.org\/wp-content\/uploads\/2025\/04\/Imagen-de-WhatsApp-2025-03-17-a-las-19.12.28_888b9d1e.jpg\",\"width\":1600,\"height\":1200},{\"@type\":\"BreadcrumbList\",\"@id\":\"https:\/\/surestegc.org\/index.php\/2025\/04\/08\/proyecto-de-compostaje-en-centros-educativos-de-la-comarca-del-sureste\/#breadcrumb\",\"itemListElement\":[{\"@type\":\"ListItem\",\"position\":1,\"name\":\"Portada\",\"item\":\"https:\/\/surestegc.org\/\"},{\"@type\":\"ListItem\",\"position\":2,\"name\":\"Proyecto de compostaje en Centros educativos de la Comarca del Sureste\"}]},{\"@type\":\"WebSite\",\"@id\":\"https:\/\/surestegc.org\/#website\",\"url\":\"https:\/\/surestegc.org\/\",\"name\":\"Mancomunidad Sureste de Gran Canaria\",\"description\":\"La Mancomunidad Intermunicipal del Sureste de Gran Canaria, es una Mancomunidad situada en la isla de Gran Canaria, Espa\u00f1a, y que agrupa a los municipios de Santa Luc\u00eda de Tirajana, Ingenio y Ag\u00fcimes.\",\"publisher\":{\"@id\":\"https:\/\/surestegc.org\/#organization\"},\"potentialAction\":[{\"@type\":\"SearchAction\",\"target\":{\"@type\":\"EntryPoint\",\"urlTemplate\":\"https:\/\/surestegc.org\/?s={search_term_string}\"},\"query-input\":{\"@type\":\"PropertyValueSpecification\",\"valueRequired\":true,\"valueName\":\"search_term_string\"}}],\"inLanguage\":\"es\"},{\"@type\":\"Organization\",\"@id\":\"https:\/\/surestegc.org\/#organization\",\"name\":\"Mancomunidad Sureste de Gran Canaria\",\"url\":\"https:\/\/surestegc.org\/\",\"logo\":{\"@type\":\"ImageObject\",\"inLanguage\":\"es\",\"@id\":\"https:\/\/surestegc.org\/#\/schema\/logo\/image\/\",\"url\":\"https:\/\/surestegc.org\/wp-content\/uploads\/2023\/06\/cropped-Logo-Mancomunidad-so\u0301lo.png\",\"contentUrl\":\"https:\/\/surestegc.org\/wp-content\/uploads\/2023\/06\/cropped-Logo-Mancomunidad-so\u0301lo.png\",\"width\":200,\"height\":296,\"caption\":\"Mancomunidad Sureste de Gran Canaria\"},\"image\":{\"@id\":\"https:\/\/surestegc.org\/#\/schema\/logo\/image\/\"}},{\"@type\":\"Person\",\"@id\":\"https:\/\/surestegc.org\/#\/schema\/person\/2b532951ab9c618390fa6e9cff1a640f\",\"name\":\"webmancomunidad\",\"image\":{\"@type\":\"ImageObject\",\"inLanguage\":\"es\",\"@id\":\"https:\/\/surestegc.org\/#\/schema\/person\/image\/\",\"url\":\"https:\/\/secure.gravatar.com\/avatar\/c15716676bc4f27a8a5212f455be69fad2cff9d5c28c3cbff74577aa1734a274?s=96&d=mm&r=g\",\"contentUrl\":\"https:\/\/secure.gravatar.com\/avatar\/c15716676bc4f27a8a5212f455be69fad2cff9d5c28c3cbff74577aa1734a274?s=96&d=mm&r=g\",\"caption\":\"webmancomunidad\"},\"url\":\"https:\/\/surestegc.org\/index.php\/author\/webmancomunidad\/\"}]}<\/script>\n<!-- \/ Yoast SEO plugin. -->","yoast_head_json":{"title":"Proyecto de compostaje en Centros educativos de la Comarca del Sureste - Mancomunidad Sureste de Gran Canaria","robots":{"index":"noindex","follow":"follow","max-snippet":"max-snippet:-1","max-image-preview":"max-image-preview:large","max-video-preview":"max-video-preview:-1"},"og_locale":"es_ES","og_type":"article","og_title":"Proyecto de compostaje en Centros educativos de la Comarca del Sureste - Mancomunidad Sureste de Gran Canaria","og_description":"\u00abPlan de Recuperaci\u00f3n, Transformaci\u00f3n y Resiliencia &#8211; Financiado por la Uni\u00f3n Europea \u2013 NextGenerationEU\u00bb. El Consejo Europeo de 21 de julio de 2020 acord\u00f3 un paquete [\u2026]","og_url":"https:\/\/surestegc.org\/index.php\/2025\/04\/08\/proyecto-de-compostaje-en-centros-educativos-de-la-comarca-del-sureste\/","og_site_name":"Mancomunidad Sureste de Gran Canaria","article_published_time":"2025-04-08T13:13:05+00:00","article_modified_time":"2025-04-08T13:13:18+00:00","og_image":[{"width":1600,"height":1200,"url":"https:\/\/surestegc.org\/wp-content\/uploads\/2025\/04\/Imagen-de-WhatsApp-2025-03-17-a-las-19.12.28_888b9d1e.jpg","type":"image\/jpeg"}],"author":"webmancomunidad","twitter_card":"summary_large_image","twitter_misc":{"Escrito por":"webmancomunidad","Tiempo de lectura":"4 minutos"},"schema":{"@context":"https:\/\/schema.org","@graph":[{"@type":"Article","@id":"https:\/\/surestegc.org\/index.php\/2025\/04\/08\/proyecto-de-compostaje-en-centros-educativos-de-la-comarca-del-sureste\/#article","isPartOf":{"@id":"https:\/\/surestegc.org\/index.php\/2025\/04\/08\/proyecto-de-compostaje-en-centros-educativos-de-la-comarca-del-sureste\/"},"author":{"name":"webmancomunidad","@id":"https:\/\/surestegc.org\/#\/schema\/person\/2b532951ab9c618390fa6e9cff1a640f"},"headline":"Proyecto de compostaje en Centros educativos de la Comarca del Sureste","datePublished":"2025-04-08T13:13:05+00:00","dateModified":"2025-04-08T13:13:18+00:00","mainEntityOfPage":{"@id":"https:\/\/surestegc.org\/index.php\/2025\/04\/08\/proyecto-de-compostaje-en-centros-educativos-de-la-comarca-del-sureste\/"},"wordCount":585,"commentCount":0,"publisher":{"@id":"https:\/\/surestegc.org\/#organization"},"image":{"@id":"https:\/\/surestegc.org\/index.php\/2025\/04\/08\/proyecto-de-compostaje-en-centros-educativos-de-la-comarca-del-sureste\/#primaryimage"},"thumbnailUrl":"https:\/\/surestegc.org\/wp-content\/uploads\/2025\/04\/Imagen-de-WhatsApp-2025-03-17-a-las-19.12.28_888b9d1e.jpg","articleSection":["Noticias"],"inLanguage":"es","potentialAction":[{"@type":"CommentAction","name":"Comment","target":["https:\/\/surestegc.org\/index.php\/2025\/04\/08\/proyecto-de-compostaje-en-centros-educativos-de-la-comarca-del-sureste\/#respond"]}]},{"@type":"WebPage","@id":"https:\/\/surestegc.org\/index.php\/2025\/04\/08\/proyecto-de-compostaje-en-centros-educativos-de-la-comarca-del-sureste\/","url":"https:\/\/surestegc.org\/index.php\/2025\/04\/08\/proyecto-de-compostaje-en-centros-educativos-de-la-comarca-del-sureste\/","name":"Proyecto de compostaje en Centros educativos de la Comarca del Sureste - Mancomunidad Sureste de Gran Canaria","isPartOf":{"@id":"https:\/\/surestegc.org\/#website"},"primaryImageOfPage":{"@id":"https:\/\/surestegc.org\/index.php\/2025\/04\/08\/proyecto-de-compostaje-en-centros-educativos-de-la-comarca-del-sureste\/#primaryimage"},"image":{"@id":"https:\/\/surestegc.org\/index.php\/2025\/04\/08\/proyecto-de-compostaje-en-centros-educativos-de-la-comarca-del-sureste\/#primaryimage"},"thumbnailUrl":"https:\/\/surestegc.org\/wp-content\/uploads\/2025\/04\/Imagen-de-WhatsApp-2025-03-17-a-las-19.12.28_888b9d1e.jpg","datePublished":"2025-04-08T13:13:05+00:00","dateModified":"2025-04-08T13:13:18+00:00","breadcrumb":{"@id":"https:\/\/surestegc.org\/index.php\/2025\/04\/08\/proyecto-de-compostaje-en-centros-educativos-de-la-comarca-del-sureste\/#breadcrumb"},"inLanguage":"es","potentialAction":[{"@type":"ReadAction","target":["https:\/\/surestegc.org\/index.php\/2025\/04\/08\/proyecto-de-compostaje-en-centros-educativos-de-la-comarca-del-sureste\/"]}]},{"@type":"ImageObject","inLanguage":"es","@id":"https:\/\/surestegc.org\/index.php\/2025\/04\/08\/proyecto-de-compostaje-en-centros-educativos-de-la-comarca-del-sureste\/#primaryimage","url":"https:\/\/surestegc.org\/wp-content\/uploads\/2025\/04\/Imagen-de-WhatsApp-2025-03-17-a-las-19.12.28_888b9d1e.jpg","contentUrl":"https:\/\/surestegc.org\/wp-content\/uploads\/2025\/04\/Imagen-de-WhatsApp-2025-03-17-a-las-19.12.28_888b9d1e.jpg","width":1600,"height":1200},{"@type":"BreadcrumbList","@id":"https:\/\/surestegc.org\/index.php\/2025\/04\/08\/proyecto-de-compostaje-en-centros-educativos-de-la-comarca-del-sureste\/#breadcrumb","itemListElement":[{"@type":"ListItem","position":1,"name":"Portada","item":"https:\/\/surestegc.org\/"},{"@type":"ListItem","position":2,"name":"Proyecto de compostaje en Centros educativos de la Comarca del Sureste"}]},{"@type":"WebSite","@id":"https:\/\/surestegc.org\/#website","url":"https:\/\/surestegc.org\/","name":"Mancomunidad Sureste de Gran Canaria","description":"La Mancomunidad Intermunicipal del Sureste de Gran Canaria, es una Mancomunidad situada en la isla de Gran Canaria, Espa\u00f1a, y que agrupa a los municipios de Santa Luc\u00eda de Tirajana, Ingenio y Ag\u00fcimes.","publisher":{"@id":"https:\/\/surestegc.org\/#organization"},"potentialAction":[{"@type":"SearchAction","target":{"@type":"EntryPoint","urlTemplate":"https:\/\/surestegc.org\/?s={search_term_string}"},"query-input":{"@type":"PropertyValueSpecification","valueRequired":true,"valueName":"search_term_string"}}],"inLanguage":"es"},{"@type":"Organization","@id":"https:\/\/surestegc.org\/#organization","name":"Mancomunidad Sureste de Gran Canaria","url":"https:\/\/surestegc.org\/","logo":{"@type":"ImageObject","inLanguage":"es","@id":"https:\/\/surestegc.org\/#\/schema\/logo\/image\/","url":"https:\/\/surestegc.org\/wp-content\/uploads\/2023\/06\/cropped-Logo-Mancomunidad-so\u0301lo.png","contentUrl":"https:\/\/surestegc.org\/wp-content\/uploads\/2023\/06\/cropped-Logo-Mancomunidad-so\u0301lo.png","width":200,"height":296,"caption":"Mancomunidad Sureste de Gran Canaria"},"image":{"@id":"https:\/\/surestegc.org\/#\/schema\/logo\/image\/"}},{"@type":"Person","@id":"https:\/\/surestegc.org\/#\/schema\/person\/2b532951ab9c618390fa6e9cff1a640f","name":"webmancomunidad","image":{"@type":"ImageObject","inLanguage":"es","@id":"https:\/\/surestegc.org\/#\/schema\/person\/image\/","url":"https:\/\/secure.gravatar.com\/avatar\/c15716676bc4f27a8a5212f455be69fad2cff9d5c28c3cbff74577aa1734a274?s=96&d=mm&r=g","contentUrl":"https:\/\/secure.gravatar.com\/avatar\/c15716676bc4f27a8a5212f455be69fad2cff9d5c28c3cbff74577aa1734a274?s=96&d=mm&r=g","caption":"webmancomunidad"},"url":"https:\/\/surestegc.org\/index.php\/author\/webmancomunidad\/"}]}},"_links":{"self":[{"href":"https:\/\/surestegc.org\/index.php\/wp-json\/wp\/v2\/posts\/728","targetHints":{"allow":["GET"]}}],"collection":[{"href":"https:\/\/surestegc.org\/index.php\/wp-json\/wp\/v2\/posts"}],"about":[{"href":"https:\/\/surestegc.org\/index.php\/wp-json\/wp\/v2\/types\/post"}],"author":[{"embeddable":true,"href":"https:\/\/surestegc.org\/index.php\/wp-json\/wp\/v2\/users\/3"}],"replies":[{"embeddable":true,"href":"https:\/\/surestegc.org\/index.php\/wp-json\/wp\/v2\/comments?post=728"}],"version-history":[{"count":1,"href":"https:\/\/surestegc.org\/index.php\/wp-json\/wp\/v2\/posts\/728\/revisions"}],"predecessor-version":[{"id":737,"href":"https:\/\/surestegc.org\/index.php\/wp-json\/wp\/v2\/posts\/728\/revisions\/737"}],"wp:featuredmedia":[{"embeddable":true,"href":"https:\/\/surestegc.org\/index.php\/wp-json\/wp\/v2\/media\/730"}],"wp:attachment":[{"href":"https:\/\/surestegc.org\/index.php\/wp-json\/wp\/v2\/media?parent=728"}],"wp:term":[{"taxonomy":"category","embeddable":true,"href":"https:\/\/surestegc.org\/index.php\/wp-json\/wp\/v2\/categories?post=728"},{"taxonomy":"post_tag","embeddable":true,"href":"https:\/\/surestegc.org\/index.php\/wp-json\/wp\/v2\/tags?post=728"}],"curies":[{"name":"wp","href":"https:\/\/api.w.org\/{rel}","templated":true}]}}