{"id":711,"date":"2025-03-18T11:20:30","date_gmt":"2025-03-18T11:20:30","guid":{"rendered":"https:\/\/surestegc.org\/?p=711"},"modified":"2025-03-18T11:34:07","modified_gmt":"2025-03-18T11:34:07","slug":"el-boliche-humor-y-frescura-en-las-mananas-del-sureste","status":"publish","type":"post","link":"https:\/\/surestegc.org\/index.php\/2025\/03\/18\/el-boliche-humor-y-frescura-en-las-mananas-del-sureste\/","title":{"rendered":"\u00abEl Boliche\u00bb: Humor y frescura en las ma\u00f1anas del sureste"},"content":{"rendered":"\n<p>Las ma\u00f1anas en el Sureste de Gran Canaria ahora tienen un nuevo ingrediente: \u00abEl Boliche del sureste\u00bb. Un programa fresco, din\u00e1mico y cargado de humor que busca arrancar sonrisas y hacer m\u00e1s llevadero el d\u00eda a d\u00eda de los oyentes.<\/p>\n\n\n\n<p>Conducido por el carism\u00e1tico Maestro Florido, \u00abEl Boliche del Sureste\u00bb se emite de lunes a viernes de 11:30 a 13:00 horas a trav\u00e9s de las radios municipales de Ingenio, Ag\u00fcimes y Santa Luc\u00eda de Tirajana. Acompa\u00f1ado por un equipo de lujo conformado por Sebas, Eleuterio y Nenorita, el programa se convierte en una aut\u00e9ntica fiesta radiof\u00f3nica en la que el talento y la diversi\u00f3n son los protagonistas.<\/p>\n\n\n\n<p>El programa se ha presentado este martes 18 de marzo en las instalaciones de la planta desaladora, en Pozo Izquierdo, en un acto presidido por el presidente de la Mancomunidad del Sureste de Gran Canaria y alcalde de Santa Luc\u00eda de Tirajana, Francisco Garc\u00eda; la alcaldesa de Ingenio y vicepresidenta primera, Vanesa Mart\u00edn, y el alcalde de Ag\u00fcimes y vicepresidente segundo, \u00d3scar Hern\u00e1ndez.<\/p>\n\n\n\n<p>\u201cLas radios municipales de nuestros municipios est\u00e1n centradas en la informaci\u00f3n diaria, en la divulgaci\u00f3n de las noticias, en campa\u00f1as municipales de concienciaci\u00f3n, entro otros temas y, ahora, de la mano de Maestro Florido, tambi\u00e9n habr\u00e1 humor, risas y entretenimiento\u201d, explic\u00f3 el presidente.<\/p>\n\n\n\n<p>\u201cEstoy seguro de que Maestro Florido sabr\u00e1 sacarnos una sonrisa y alegrarnos el d\u00eda en unos tiempos en los que falta m\u00e1s sentido del humor y m\u00e1s risas, y sobren estr\u00e9s y preocupaciones\u201d, finaliz\u00f3 Francisco Garc\u00eda.<\/p>\n\n\n\n<p><\/p>\n\n\n\n<p><strong>Un programa para todas las generaciones<\/strong><\/p>\n\n\n\n<p>\u00abEl Boliche\u00bb tiene la capacidad de reunir a tres generaciones frente a la radio gracias a su contenido variado y ameno. Desde los m\u00e1s peque\u00f1os con \u00abEl Bolichiniio\u00bb, hasta los mayores que disfrutan con la radionovela, pasando por el divertido segmento \u00abClases de falta de ignorancia\u00bb de Eleuterio.<\/p>\n\n\n\n<p>El programa cuenta adem\u00e1s con personajes inolvidables como Niceto, \u00abel reportero completo\u00bb, y Sebas, quien con su particular hor\u00f3scopo brinda los momentos m\u00e1s c\u00f3micos del d\u00eda.<\/p>\n\n\n\n<p><\/p>\n\n\n\n<p><strong>Espacios para la cultura y la interacci\u00f3n con los oyentes<\/strong><\/p>\n\n\n\n<p>Adem\u00e1s del humor y la cercan\u00eda de sus protagonistas, \u00abEl Boliche del Sureste\u00bb ofrece secciones como \u00abLa Agenda Cultural\u00bb, \u00abLa Entrevista\u00bb, \u00abLa Radionovela\u00bb y el espacio de \u00abWhatsApp\u00bb, que permite mantener una comunicaci\u00f3n directa y activa con los oyentes.<\/p>\n\n\n\n<p>Con una propuesta innovadora y una energ\u00eda desbordante, \u00abEl Boliche del Sureste\u00bb se convierte en una cita ineludible cada ma\u00f1ana en el sureste de la isla. Porque cada d\u00eda merece ser vivido con alegr\u00eda y buen humor. \u00a1No te lo pierdas!<\/p>\n","protected":false},"excerpt":{"rendered":"<p>Las ma\u00f1anas en el Sureste de Gran Canaria ahora tienen un nuevo ingrediente: \u00abEl Boliche del sureste\u00bb. Un programa fresco, din\u00e1mico y cargado de humor que<span class=\"excerpt-hellip\"> [\u2026]<\/span><\/p>\n","protected":false},"author":3,"featured_media":712,"comment_status":"open","ping_status":"open","sticky":false,"template":"","format":"standard","meta":{"footnotes":""},"categories":[3],"tags":[],"class_list":["post-711","post","type-post","status-publish","format-standard","has-post-thumbnail","hentry","category-noticias"],"yoast_head":"<!-- This site is optimized with the Yoast SEO plugin v27.0 - https:\/\/yoast.com\/product\/yoast-seo-wordpress\/ -->\n<title>&quot;El Boliche&quot;: Humor y frescura en las ma\u00f1anas del sureste - Mancomunidad Sureste de Gran Canaria<\/title>\n<meta name=\"robots\" content=\"noindex, follow, max-snippet:-1, max-image-preview:large, max-video-preview:-1\" \/>\n<meta property=\"og:locale\" content=\"es_ES\" \/>\n<meta property=\"og:type\" content=\"article\" \/>\n<meta property=\"og:title\" content=\"&quot;El Boliche&quot;: Humor y frescura en las ma\u00f1anas del sureste - Mancomunidad Sureste de Gran Canaria\" \/>\n<meta property=\"og:description\" content=\"Las ma\u00f1anas en el Sureste de Gran Canaria ahora tienen un nuevo ingrediente: \u00abEl Boliche del sureste\u00bb. Un programa fresco, din\u00e1mico y cargado de humor que [\u2026]\" \/>\n<meta property=\"og:url\" content=\"https:\/\/surestegc.org\/index.php\/2025\/03\/18\/el-boliche-humor-y-frescura-en-las-mananas-del-sureste\/\" \/>\n<meta property=\"og:site_name\" content=\"Mancomunidad Sureste de Gran Canaria\" \/>\n<meta property=\"article:published_time\" content=\"2025-03-18T11:20:30+00:00\" \/>\n<meta property=\"article:modified_time\" content=\"2025-03-18T11:34:07+00:00\" \/>\n<meta property=\"og:image\" content=\"https:\/\/surestegc.org\/wp-content\/uploads\/2025\/03\/WhatsApp-Image-2025-03-18-at-10.47.20-18.jpeg\" \/>\n\t<meta property=\"og:image:width\" content=\"1600\" \/>\n\t<meta property=\"og:image:height\" content=\"858\" \/>\n\t<meta property=\"og:image:type\" content=\"image\/jpeg\" \/>\n<meta name=\"author\" content=\"webmancomunidad\" \/>\n<meta name=\"twitter:card\" content=\"summary_large_image\" \/>\n<meta name=\"twitter:label1\" content=\"Escrito por\" \/>\n\t<meta name=\"twitter:data1\" content=\"webmancomunidad\" \/>\n\t<meta name=\"twitter:label2\" content=\"Tiempo de lectura\" \/>\n\t<meta name=\"twitter:data2\" content=\"2 minutos\" \/>\n<script type=\"application\/ld+json\" class=\"yoast-schema-graph\">{\"@context\":\"https:\/\/schema.org\",\"@graph\":[{\"@type\":\"Article\",\"@id\":\"https:\/\/surestegc.org\/index.php\/2025\/03\/18\/el-boliche-humor-y-frescura-en-las-mananas-del-sureste\/#article\",\"isPartOf\":{\"@id\":\"https:\/\/surestegc.org\/index.php\/2025\/03\/18\/el-boliche-humor-y-frescura-en-las-mananas-del-sureste\/\"},\"author\":{\"name\":\"webmancomunidad\",\"@id\":\"https:\/\/surestegc.org\/#\/schema\/person\/2b532951ab9c618390fa6e9cff1a640f\"},\"headline\":\"\u00abEl Boliche\u00bb: Humor y frescura en las ma\u00f1anas del sureste\",\"datePublished\":\"2025-03-18T11:20:30+00:00\",\"dateModified\":\"2025-03-18T11:34:07+00:00\",\"mainEntityOfPage\":{\"@id\":\"https:\/\/surestegc.org\/index.php\/2025\/03\/18\/el-boliche-humor-y-frescura-en-las-mananas-del-sureste\/\"},\"wordCount\":471,\"commentCount\":0,\"publisher\":{\"@id\":\"https:\/\/surestegc.org\/#organization\"},\"image\":{\"@id\":\"https:\/\/surestegc.org\/index.php\/2025\/03\/18\/el-boliche-humor-y-frescura-en-las-mananas-del-sureste\/#primaryimage\"},\"thumbnailUrl\":\"https:\/\/surestegc.org\/wp-content\/uploads\/2025\/03\/WhatsApp-Image-2025-03-18-at-10.47.20-18.jpeg\",\"articleSection\":[\"Noticias\"],\"inLanguage\":\"es\",\"potentialAction\":[{\"@type\":\"CommentAction\",\"name\":\"Comment\",\"target\":[\"https:\/\/surestegc.org\/index.php\/2025\/03\/18\/el-boliche-humor-y-frescura-en-las-mananas-del-sureste\/#respond\"]}]},{\"@type\":\"WebPage\",\"@id\":\"https:\/\/surestegc.org\/index.php\/2025\/03\/18\/el-boliche-humor-y-frescura-en-las-mananas-del-sureste\/\",\"url\":\"https:\/\/surestegc.org\/index.php\/2025\/03\/18\/el-boliche-humor-y-frescura-en-las-mananas-del-sureste\/\",\"name\":\"\\\"El Boliche\\\": Humor y frescura en las ma\u00f1anas del sureste - Mancomunidad Sureste de Gran Canaria\",\"isPartOf\":{\"@id\":\"https:\/\/surestegc.org\/#website\"},\"primaryImageOfPage\":{\"@id\":\"https:\/\/surestegc.org\/index.php\/2025\/03\/18\/el-boliche-humor-y-frescura-en-las-mananas-del-sureste\/#primaryimage\"},\"image\":{\"@id\":\"https:\/\/surestegc.org\/index.php\/2025\/03\/18\/el-boliche-humor-y-frescura-en-las-mananas-del-sureste\/#primaryimage\"},\"thumbnailUrl\":\"https:\/\/surestegc.org\/wp-content\/uploads\/2025\/03\/WhatsApp-Image-2025-03-18-at-10.47.20-18.jpeg\",\"datePublished\":\"2025-03-18T11:20:30+00:00\",\"dateModified\":\"2025-03-18T11:34:07+00:00\",\"breadcrumb\":{\"@id\":\"https:\/\/surestegc.org\/index.php\/2025\/03\/18\/el-boliche-humor-y-frescura-en-las-mananas-del-sureste\/#breadcrumb\"},\"inLanguage\":\"es\",\"potentialAction\":[{\"@type\":\"ReadAction\",\"target\":[\"https:\/\/surestegc.org\/index.php\/2025\/03\/18\/el-boliche-humor-y-frescura-en-las-mananas-del-sureste\/\"]}]},{\"@type\":\"ImageObject\",\"inLanguage\":\"es\",\"@id\":\"https:\/\/surestegc.org\/index.php\/2025\/03\/18\/el-boliche-humor-y-frescura-en-las-mananas-del-sureste\/#primaryimage\",\"url\":\"https:\/\/surestegc.org\/wp-content\/uploads\/2025\/03\/WhatsApp-Image-2025-03-18-at-10.47.20-18.jpeg\",\"contentUrl\":\"https:\/\/surestegc.org\/wp-content\/uploads\/2025\/03\/WhatsApp-Image-2025-03-18-at-10.47.20-18.jpeg\",\"width\":1600,\"height\":858},{\"@type\":\"BreadcrumbList\",\"@id\":\"https:\/\/surestegc.org\/index.php\/2025\/03\/18\/el-boliche-humor-y-frescura-en-las-mananas-del-sureste\/#breadcrumb\",\"itemListElement\":[{\"@type\":\"ListItem\",\"position\":1,\"name\":\"Portada\",\"item\":\"https:\/\/surestegc.org\/\"},{\"@type\":\"ListItem\",\"position\":2,\"name\":\"\u00abEl Boliche\u00bb: Humor y frescura en las ma\u00f1anas del sureste\"}]},{\"@type\":\"WebSite\",\"@id\":\"https:\/\/surestegc.org\/#website\",\"url\":\"https:\/\/surestegc.org\/\",\"name\":\"Mancomunidad Sureste de Gran Canaria\",\"description\":\"La Mancomunidad Intermunicipal del Sureste de Gran Canaria, es una Mancomunidad situada en la isla de Gran Canaria, Espa\u00f1a, y que agrupa a los municipios de Santa Luc\u00eda de Tirajana, Ingenio y Ag\u00fcimes.\",\"publisher\":{\"@id\":\"https:\/\/surestegc.org\/#organization\"},\"potentialAction\":[{\"@type\":\"SearchAction\",\"target\":{\"@type\":\"EntryPoint\",\"urlTemplate\":\"https:\/\/surestegc.org\/?s={search_term_string}\"},\"query-input\":{\"@type\":\"PropertyValueSpecification\",\"valueRequired\":true,\"valueName\":\"search_term_string\"}}],\"inLanguage\":\"es\"},{\"@type\":\"Organization\",\"@id\":\"https:\/\/surestegc.org\/#organization\",\"name\":\"Mancomunidad Sureste de Gran Canaria\",\"url\":\"https:\/\/surestegc.org\/\",\"logo\":{\"@type\":\"ImageObject\",\"inLanguage\":\"es\",\"@id\":\"https:\/\/surestegc.org\/#\/schema\/logo\/image\/\",\"url\":\"https:\/\/surestegc.org\/wp-content\/uploads\/2023\/06\/cropped-Logo-Mancomunidad-so\u0301lo.png\",\"contentUrl\":\"https:\/\/surestegc.org\/wp-content\/uploads\/2023\/06\/cropped-Logo-Mancomunidad-so\u0301lo.png\",\"width\":200,\"height\":296,\"caption\":\"Mancomunidad Sureste de Gran Canaria\"},\"image\":{\"@id\":\"https:\/\/surestegc.org\/#\/schema\/logo\/image\/\"}},{\"@type\":\"Person\",\"@id\":\"https:\/\/surestegc.org\/#\/schema\/person\/2b532951ab9c618390fa6e9cff1a640f\",\"name\":\"webmancomunidad\",\"image\":{\"@type\":\"ImageObject\",\"inLanguage\":\"es\",\"@id\":\"https:\/\/surestegc.org\/#\/schema\/person\/image\/\",\"url\":\"https:\/\/secure.gravatar.com\/avatar\/c15716676bc4f27a8a5212f455be69fad2cff9d5c28c3cbff74577aa1734a274?s=96&d=mm&r=g\",\"contentUrl\":\"https:\/\/secure.gravatar.com\/avatar\/c15716676bc4f27a8a5212f455be69fad2cff9d5c28c3cbff74577aa1734a274?s=96&d=mm&r=g\",\"caption\":\"webmancomunidad\"},\"url\":\"https:\/\/surestegc.org\/index.php\/author\/webmancomunidad\/\"}]}<\/script>\n<!-- \/ Yoast SEO plugin. -->","yoast_head_json":{"title":"\"El Boliche\": Humor y frescura en las ma\u00f1anas del sureste - Mancomunidad Sureste de Gran Canaria","robots":{"index":"noindex","follow":"follow","max-snippet":"max-snippet:-1","max-image-preview":"max-image-preview:large","max-video-preview":"max-video-preview:-1"},"og_locale":"es_ES","og_type":"article","og_title":"\"El Boliche\": Humor y frescura en las ma\u00f1anas del sureste - Mancomunidad Sureste de Gran Canaria","og_description":"Las ma\u00f1anas en el Sureste de Gran Canaria ahora tienen un nuevo ingrediente: \u00abEl Boliche del sureste\u00bb. Un programa fresco, din\u00e1mico y cargado de humor que [\u2026]","og_url":"https:\/\/surestegc.org\/index.php\/2025\/03\/18\/el-boliche-humor-y-frescura-en-las-mananas-del-sureste\/","og_site_name":"Mancomunidad Sureste de Gran Canaria","article_published_time":"2025-03-18T11:20:30+00:00","article_modified_time":"2025-03-18T11:34:07+00:00","og_image":[{"width":1600,"height":858,"url":"https:\/\/surestegc.org\/wp-content\/uploads\/2025\/03\/WhatsApp-Image-2025-03-18-at-10.47.20-18.jpeg","type":"image\/jpeg"}],"author":"webmancomunidad","twitter_card":"summary_large_image","twitter_misc":{"Escrito por":"webmancomunidad","Tiempo de lectura":"2 minutos"},"schema":{"@context":"https:\/\/schema.org","@graph":[{"@type":"Article","@id":"https:\/\/surestegc.org\/index.php\/2025\/03\/18\/el-boliche-humor-y-frescura-en-las-mananas-del-sureste\/#article","isPartOf":{"@id":"https:\/\/surestegc.org\/index.php\/2025\/03\/18\/el-boliche-humor-y-frescura-en-las-mananas-del-sureste\/"},"author":{"name":"webmancomunidad","@id":"https:\/\/surestegc.org\/#\/schema\/person\/2b532951ab9c618390fa6e9cff1a640f"},"headline":"\u00abEl Boliche\u00bb: Humor y frescura en las ma\u00f1anas del sureste","datePublished":"2025-03-18T11:20:30+00:00","dateModified":"2025-03-18T11:34:07+00:00","mainEntityOfPage":{"@id":"https:\/\/surestegc.org\/index.php\/2025\/03\/18\/el-boliche-humor-y-frescura-en-las-mananas-del-sureste\/"},"wordCount":471,"commentCount":0,"publisher":{"@id":"https:\/\/surestegc.org\/#organization"},"image":{"@id":"https:\/\/surestegc.org\/index.php\/2025\/03\/18\/el-boliche-humor-y-frescura-en-las-mananas-del-sureste\/#primaryimage"},"thumbnailUrl":"https:\/\/surestegc.org\/wp-content\/uploads\/2025\/03\/WhatsApp-Image-2025-03-18-at-10.47.20-18.jpeg","articleSection":["Noticias"],"inLanguage":"es","potentialAction":[{"@type":"CommentAction","name":"Comment","target":["https:\/\/surestegc.org\/index.php\/2025\/03\/18\/el-boliche-humor-y-frescura-en-las-mananas-del-sureste\/#respond"]}]},{"@type":"WebPage","@id":"https:\/\/surestegc.org\/index.php\/2025\/03\/18\/el-boliche-humor-y-frescura-en-las-mananas-del-sureste\/","url":"https:\/\/surestegc.org\/index.php\/2025\/03\/18\/el-boliche-humor-y-frescura-en-las-mananas-del-sureste\/","name":"\"El Boliche\": Humor y frescura en las ma\u00f1anas del sureste - Mancomunidad Sureste de Gran Canaria","isPartOf":{"@id":"https:\/\/surestegc.org\/#website"},"primaryImageOfPage":{"@id":"https:\/\/surestegc.org\/index.php\/2025\/03\/18\/el-boliche-humor-y-frescura-en-las-mananas-del-sureste\/#primaryimage"},"image":{"@id":"https:\/\/surestegc.org\/index.php\/2025\/03\/18\/el-boliche-humor-y-frescura-en-las-mananas-del-sureste\/#primaryimage"},"thumbnailUrl":"https:\/\/surestegc.org\/wp-content\/uploads\/2025\/03\/WhatsApp-Image-2025-03-18-at-10.47.20-18.jpeg","datePublished":"2025-03-18T11:20:30+00:00","dateModified":"2025-03-18T11:34:07+00:00","breadcrumb":{"@id":"https:\/\/surestegc.org\/index.php\/2025\/03\/18\/el-boliche-humor-y-frescura-en-las-mananas-del-sureste\/#breadcrumb"},"inLanguage":"es","potentialAction":[{"@type":"ReadAction","target":["https:\/\/surestegc.org\/index.php\/2025\/03\/18\/el-boliche-humor-y-frescura-en-las-mananas-del-sureste\/"]}]},{"@type":"ImageObject","inLanguage":"es","@id":"https:\/\/surestegc.org\/index.php\/2025\/03\/18\/el-boliche-humor-y-frescura-en-las-mananas-del-sureste\/#primaryimage","url":"https:\/\/surestegc.org\/wp-content\/uploads\/2025\/03\/WhatsApp-Image-2025-03-18-at-10.47.20-18.jpeg","contentUrl":"https:\/\/surestegc.org\/wp-content\/uploads\/2025\/03\/WhatsApp-Image-2025-03-18-at-10.47.20-18.jpeg","width":1600,"height":858},{"@type":"BreadcrumbList","@id":"https:\/\/surestegc.org\/index.php\/2025\/03\/18\/el-boliche-humor-y-frescura-en-las-mananas-del-sureste\/#breadcrumb","itemListElement":[{"@type":"ListItem","position":1,"name":"Portada","item":"https:\/\/surestegc.org\/"},{"@type":"ListItem","position":2,"name":"\u00abEl Boliche\u00bb: Humor y frescura en las ma\u00f1anas del sureste"}]},{"@type":"WebSite","@id":"https:\/\/surestegc.org\/#website","url":"https:\/\/surestegc.org\/","name":"Mancomunidad Sureste de Gran Canaria","description":"La Mancomunidad Intermunicipal del Sureste de Gran Canaria, es una Mancomunidad situada en la isla de Gran Canaria, Espa\u00f1a, y que agrupa a los municipios de Santa Luc\u00eda de Tirajana, Ingenio y Ag\u00fcimes.","publisher":{"@id":"https:\/\/surestegc.org\/#organization"},"potentialAction":[{"@type":"SearchAction","target":{"@type":"EntryPoint","urlTemplate":"https:\/\/surestegc.org\/?s={search_term_string}"},"query-input":{"@type":"PropertyValueSpecification","valueRequired":true,"valueName":"search_term_string"}}],"inLanguage":"es"},{"@type":"Organization","@id":"https:\/\/surestegc.org\/#organization","name":"Mancomunidad Sureste de Gran Canaria","url":"https:\/\/surestegc.org\/","logo":{"@type":"ImageObject","inLanguage":"es","@id":"https:\/\/surestegc.org\/#\/schema\/logo\/image\/","url":"https:\/\/surestegc.org\/wp-content\/uploads\/2023\/06\/cropped-Logo-Mancomunidad-so\u0301lo.png","contentUrl":"https:\/\/surestegc.org\/wp-content\/uploads\/2023\/06\/cropped-Logo-Mancomunidad-so\u0301lo.png","width":200,"height":296,"caption":"Mancomunidad Sureste de Gran Canaria"},"image":{"@id":"https:\/\/surestegc.org\/#\/schema\/logo\/image\/"}},{"@type":"Person","@id":"https:\/\/surestegc.org\/#\/schema\/person\/2b532951ab9c618390fa6e9cff1a640f","name":"webmancomunidad","image":{"@type":"ImageObject","inLanguage":"es","@id":"https:\/\/surestegc.org\/#\/schema\/person\/image\/","url":"https:\/\/secure.gravatar.com\/avatar\/c15716676bc4f27a8a5212f455be69fad2cff9d5c28c3cbff74577aa1734a274?s=96&d=mm&r=g","contentUrl":"https:\/\/secure.gravatar.com\/avatar\/c15716676bc4f27a8a5212f455be69fad2cff9d5c28c3cbff74577aa1734a274?s=96&d=mm&r=g","caption":"webmancomunidad"},"url":"https:\/\/surestegc.org\/index.php\/author\/webmancomunidad\/"}]}},"_links":{"self":[{"href":"https:\/\/surestegc.org\/index.php\/wp-json\/wp\/v2\/posts\/711","targetHints":{"allow":["GET"]}}],"collection":[{"href":"https:\/\/surestegc.org\/index.php\/wp-json\/wp\/v2\/posts"}],"about":[{"href":"https:\/\/surestegc.org\/index.php\/wp-json\/wp\/v2\/types\/post"}],"author":[{"embeddable":true,"href":"https:\/\/surestegc.org\/index.php\/wp-json\/wp\/v2\/users\/3"}],"replies":[{"embeddable":true,"href":"https:\/\/surestegc.org\/index.php\/wp-json\/wp\/v2\/comments?post=711"}],"version-history":[{"count":2,"href":"https:\/\/surestegc.org\/index.php\/wp-json\/wp\/v2\/posts\/711\/revisions"}],"predecessor-version":[{"id":715,"href":"https:\/\/surestegc.org\/index.php\/wp-json\/wp\/v2\/posts\/711\/revisions\/715"}],"wp:featuredmedia":[{"embeddable":true,"href":"https:\/\/surestegc.org\/index.php\/wp-json\/wp\/v2\/media\/712"}],"wp:attachment":[{"href":"https:\/\/surestegc.org\/index.php\/wp-json\/wp\/v2\/media?parent=711"}],"wp:term":[{"taxonomy":"category","embeddable":true,"href":"https:\/\/surestegc.org\/index.php\/wp-json\/wp\/v2\/categories?post=711"},{"taxonomy":"post_tag","embeddable":true,"href":"https:\/\/surestegc.org\/index.php\/wp-json\/wp\/v2\/tags?post=711"}],"curies":[{"name":"wp","href":"https:\/\/api.w.org\/{rel}","templated":true}]}}