{"id":686,"date":"2024-12-02T14:53:23","date_gmt":"2024-12-02T14:53:23","guid":{"rendered":"https:\/\/surestegc.org\/?p=686"},"modified":"2024-12-02T14:53:23","modified_gmt":"2024-12-02T14:53:23","slug":"cabildo-y-la-mancomunidad-del-sureste-presentan-el-proyecto-de-ampliacion-de-la-planta-desaladora-del-sureste-para-garantizar-un-mejor-suministro-de-agua","status":"publish","type":"post","link":"https:\/\/surestegc.org\/index.php\/2024\/12\/02\/cabildo-y-la-mancomunidad-del-sureste-presentan-el-proyecto-de-ampliacion-de-la-planta-desaladora-del-sureste-para-garantizar-un-mejor-suministro-de-agua\/","title":{"rendered":"Cabildo y la Mancomunidad del Sureste presentan el proyecto de ampliaci\u00f3n de la Planta Desaladora del Sureste para garantizar un mejor suministro de agua"},"content":{"rendered":"\n<p class=\"has-text-align-center\"><strong>La mejora del suministro h\u00eddrico en la comarca con la ampliaci\u00f3n de la desaladora incluir\u00e1 tambi\u00e9n la instalaci\u00f3n de paneles solares para optimizar el consumo energ\u00e9tico<\/strong><\/p>\n\n\n\n<p>Este lunes 2 de diciembre se ha presentado oficialmente el proyecto de ampliaci\u00f3n de la Estaci\u00f3n Desaladora de Agua de Mar (EDAM) Sureste, ubicada en Pozo Izquierdo. Al acto asistieron el presidente de la Mancomunidad del Sureste y alcalde de Santa Luc\u00eda de Tirajana, Francisco Garc\u00eda; el presidente del Cabildo de Gran Canaria, Antonio Morales; la alcaldesa de Ingenio y vicepresidenta primera de la Mancomunidad, Vanesa Mart\u00edn; el alcalde de Ag\u00fcimes y vicepresidente segundo, \u00d3scar Hern\u00e1ndez junto al consejero de Sector Primario, Soberan\u00eda Alimentaria y Seguridad H\u00eddrica del Cabildo, Miguel Hidalgo; el consejero de Cooperaci\u00f3n Institucional y Solidaridad Internacional del Cabildo de Gran Canaria, Carmelo Ram\u00edrez; el concejal de Servicios P\u00fablicos, Parque M\u00f3vil, Parques, Jardines y Agua, Jos\u00e9 Miguel Vera; el gerente de la Mancomunidad, Abel Ghosheh y del Consejo Insular de Aguas de Gran Canaria (CIAGC), Carmelo Santana.<\/p>\n\n\n\n<p>El proyecto cuenta con un presupuesto total de 4.030.099,81 euros, financiado en un 100% por el Cabildo de Gran Canaria a trav\u00e9s del Consejo Insular de Aguas (3.100.000 euros) y del Plan de cooperaci\u00f3n&nbsp;Mancomunidades (930.099,81 \u20ac euros). Distribuido 1.462.373,39 euros en obra civil y 2.567.726,42 euros en equipamiento.<br><br>La ampliaci\u00f3n permitir\u00e1 incrementar la capacidad de producci\u00f3n de agua desalada de la planta en 5.000 m\u00b3 al d\u00eda, pasando de los actuales 33.000 m\u00b3\/d\u00eda a 38.000 m\u00b3\/d\u00eda, mediante la instalaci\u00f3n de un m\u00f3dulo de desalaci\u00f3n de alta eficiencia energ\u00e9tica.<\/p>\n\n\n\n<p>Esta mejora se enmarca en el Plan de Acci\u00f3n para Mitigar los Efectos de la Sequ\u00eda (PAMES) y en el programa de medidas del Tercer Ciclo de Planificaci\u00f3n Hidrol\u00f3gica de Gran Canaria (2021-2027). El aumento de capacidad ayudar\u00e1 a garantizar el suministro de agua potable y para uso agr\u00edcola e industrial en los municipios de la Mancomunidad: Santa Luc\u00eda de Tirajana, Ingenio y Ag\u00fcimes, especialmente en un contexto de reducci\u00f3n de precipitaciones del 30% en los \u00faltimos tres a\u00f1os y de incrementos en la demanda debido al crecimiento poblacional.<\/p>\n\n\n\n<p>La ampliaci\u00f3n de la EDAM incluye la instalaci\u00f3n del m\u00f3dulo experimental Desalro 2.0, dise\u00f1ado por el Instituto Tecnol\u00f3gico de Canarias (ITC) en el marco del proyecto Desal+ Living Lab, cofinanciado por la Agencia Canaria de Investigaci\u00f3n, Innovaci\u00f3n y Sociedad de la Informaci\u00f3n (ACIISI) y el Programa MAC 2014-2020. Esta tecnolog\u00eda de \u00f3smosis inversa permitir\u00e1 un consumo energ\u00e9tico de 1,85 kWh\/m\u00b3, frente a los valores comerciales de 2,35 kWh\/m\u00b3, posicionando esta planta como un referente mundial en eficiencia energ\u00e9tica.<\/p>\n\n\n\n<p>La obra, que cuenta con todos los permisos necesarios, se licitar\u00e1 de forma inmediata y tendr\u00e1 un plazo de ejecuci\u00f3n de 18 meses. Con esta ampliaci\u00f3n, la Mancomunidad del Sureste y el Cabildo de Gran Canaria refuerzan su compromiso con la sostenibilidad h\u00eddrica y el desarrollo de infraestructuras clave para el bienestar y progreso de la comarca.<\/p>\n\n\n\n<p><strong>Instalaci\u00f3n de paneles fotovoltaicos para eficiencia energ\u00e9tica<\/strong><\/p>\n\n\n\n<p>La ampliaci\u00f3n de la planta desaladora tambi\u00e9n aprovechar\u00e1 la cubierta de la instalaci\u00f3n para la instalaci\u00f3n de m\u00e1s paneles fotovoltaicos, con una potencia de unos 40 kWp, contribuyendo a la sostenibilidad del proyecto. Esta iniciativa forma parte del compromiso de la Mancomunidad por las energ\u00edas limpias, aprovechando los abundantes recursos de sol y viento en el Sureste de Gran Canaria. La integraci\u00f3n de paneles solares permitir\u00e1 reducir el consumo el\u00e9ctrico de la planta, mejorando su eficiencia energ\u00e9tica y minimizando su huella de carbono.<\/p>\n\n\n\n<p>El presidente del Cabildo, Antonio Morales, record\u00f3 que\u201d la Mancomunidad del Sureste naci\u00f3 en tiempos de sequ\u00eda y escasez de agua, con la visi\u00f3n de garantizar el suministro de agua tanto para la agricultura como para la poblaci\u00f3n. A lo largo de los a\u00f1os, se han realizado diversas ampliaciones en la planta desaladora, y con esta \u00faltima, se contin\u00faa avanzando en ese mismo objetivo. Esta ampliaci\u00f3n cuenta con una financiaci\u00f3n total por parte del Cabildo, a trav\u00e9s del \u00e1rea de Cooperaci\u00f3n y el Consejo Insular de Aguas\u201d.<\/p>\n\n\n\n<p>\u201cGracias a esta inversi\u00f3n, en un plazo de entre un a\u00f1o y medio a dos a\u00f1os, la Mancomunidad podr\u00e1 incrementar su producci\u00f3n en 5.000 m\u00b3 diarios (33.000 m\u00b3\/d\u00eda a 38.000 m\u00b3\/d\u00eda), lo que contribuir\u00e1 a garantizar el desarrollo y la evoluci\u00f3n econ\u00f3mica de la comarca\u201d, concluy\u00f3 Morales.<\/p>\n\n\n\n<p>Por su parte, el presidente de la Mancomunidad, Francisco Garc\u00eda, destac\u00f3 el impacto transformador de las pol\u00edticas h\u00eddricas en la comarca, \u201clo que fue una debilidad en el Sureste de Gran Canaria, como la falta de agua, lo hemos convertido en una fortaleza para el consumo y la agricultura. Y no solo en este territorio, sino tambi\u00e9n podemos impulsar esta capacidad en zonas como Tunte, en la capital de San Bartolom\u00e9 de Tirajana. Sin embargo, debemos ser previsores y mirar al futuro, porque este es el territorio de Gran Canaria que m\u00e1s crece. Pr\u00e1cticamente, Santa Luc\u00eda de Tirajana ha doblado su poblaci\u00f3n en los \u00faltimos diez a\u00f1os. Por eso, es fundamental estar preparados para acometer esta infraestructura, y qu\u00e9 mejor manera que de la mano de la Mancomunidad del Sureste\u201d.<\/p>\n\n\n\n<p>En esta l\u00ednea, Garc\u00eda remarc\u00f3 \u201clas oportunidades que nos ofrece la investigaci\u00f3n del ITC para implementar aqu\u00ed soluciones innovadoras, con un coste econ\u00f3mico menor, que permitan producir 5.000 m\u00b3 adicionales al d\u00eda. As\u00ed, el Sureste alcanzar\u00e1 en los pr\u00f3ximos a\u00f1os una capacidad total de 38.000 m\u00b3\/d\u00eda\u201d.<\/p>\n\n\n\n<p>El presidente tambi\u00e9n resalt\u00f3 el compromiso de la Mancomunidad con las energ\u00edas renovables, ya que, \u201ccon esta actuaci\u00f3n no solo se centra en la ampliaci\u00f3n de la planta, sino que tambi\u00e9n vamos a aprovechar para instalar paneles fotovoltaicos, lo que permitir\u00e1 abaratar el consumo el\u00e9ctrico. Ya hemos invertido cerca de un mill\u00f3n de euros en esta l\u00ednea, con la instalaci\u00f3n de aproximadamente 1.062 placas. Adem\u00e1s, en esta ampliaci\u00f3n contemplamos la instalaci\u00f3n de paneles en la cubierta de la desaladora, siguiendo nuestra apuesta por las energ\u00edas limpias. Si algo sobra en este territorio, es sol y viento\u201d.<\/p>\n\n\n\n<p>Finalmente, Garc\u00eda agradeci\u00f3 al Cabildo de Gran Canaria por su apoyo decidido a este proyecto \u201cporque esta ampliaci\u00f3n ser\u00e1 100% financiada por la instituci\u00f3n insular, lo que demuestra la apuesta firme por el Sureste de Gran Canaria y su desarrollo sostenible\u201d.<\/p>\n","protected":false},"excerpt":{"rendered":"<p>La mejora del suministro h\u00eddrico en la comarca con la ampliaci\u00f3n de la desaladora incluir\u00e1 tambi\u00e9n la instalaci\u00f3n de paneles solares para optimizar el consumo energ\u00e9tico<span class=\"excerpt-hellip\"> [\u2026]<\/span><\/p>\n","protected":false},"author":3,"featured_media":687,"comment_status":"open","ping_status":"open","sticky":false,"template":"","format":"standard","meta":{"footnotes":""},"categories":[3],"tags":[],"class_list":["post-686","post","type-post","status-publish","format-standard","has-post-thumbnail","hentry","category-noticias"],"yoast_head":"<!-- This site is optimized with the Yoast SEO plugin v27.0 - https:\/\/yoast.com\/product\/yoast-seo-wordpress\/ -->\n<title>Cabildo y la Mancomunidad del Sureste presentan el proyecto de ampliaci\u00f3n de la Planta Desaladora del Sureste para garantizar un mejor suministro de agua - Mancomunidad Sureste de Gran Canaria<\/title>\n<meta name=\"robots\" content=\"noindex, follow, max-snippet:-1, max-image-preview:large, max-video-preview:-1\" \/>\n<meta property=\"og:locale\" content=\"es_ES\" \/>\n<meta property=\"og:type\" content=\"article\" \/>\n<meta property=\"og:title\" content=\"Cabildo y la Mancomunidad del Sureste presentan el proyecto de ampliaci\u00f3n de la Planta Desaladora del Sureste para garantizar un mejor suministro de agua - Mancomunidad Sureste de Gran Canaria\" \/>\n<meta property=\"og:description\" content=\"La mejora del suministro h\u00eddrico en la comarca con la ampliaci\u00f3n de la desaladora incluir\u00e1 tambi\u00e9n la instalaci\u00f3n de paneles solares para optimizar el consumo energ\u00e9tico [\u2026]\" \/>\n<meta property=\"og:url\" content=\"https:\/\/surestegc.org\/index.php\/2024\/12\/02\/cabildo-y-la-mancomunidad-del-sureste-presentan-el-proyecto-de-ampliacion-de-la-planta-desaladora-del-sureste-para-garantizar-un-mejor-suministro-de-agua\/\" \/>\n<meta property=\"og:site_name\" content=\"Mancomunidad Sureste de Gran Canaria\" \/>\n<meta property=\"article:published_time\" content=\"2024-12-02T14:53:23+00:00\" \/>\n<meta property=\"og:image\" content=\"https:\/\/surestegc.org\/wp-content\/uploads\/2024\/12\/ampliacion-desaladora-021224.jpg\" \/>\n\t<meta property=\"og:image:width\" content=\"1600\" \/>\n\t<meta property=\"og:image:height\" content=\"1066\" \/>\n\t<meta property=\"og:image:type\" content=\"image\/jpeg\" \/>\n<meta name=\"author\" content=\"webmancomunidad\" \/>\n<meta name=\"twitter:card\" content=\"summary_large_image\" \/>\n<meta name=\"twitter:label1\" content=\"Escrito por\" \/>\n\t<meta name=\"twitter:data1\" content=\"webmancomunidad\" \/>\n\t<meta name=\"twitter:label2\" content=\"Tiempo de lectura\" \/>\n\t<meta name=\"twitter:data2\" content=\"5 minutos\" \/>\n<script type=\"application\/ld+json\" class=\"yoast-schema-graph\">{\"@context\":\"https:\/\/schema.org\",\"@graph\":[{\"@type\":\"Article\",\"@id\":\"https:\/\/surestegc.org\/index.php\/2024\/12\/02\/cabildo-y-la-mancomunidad-del-sureste-presentan-el-proyecto-de-ampliacion-de-la-planta-desaladora-del-sureste-para-garantizar-un-mejor-suministro-de-agua\/#article\",\"isPartOf\":{\"@id\":\"https:\/\/surestegc.org\/index.php\/2024\/12\/02\/cabildo-y-la-mancomunidad-del-sureste-presentan-el-proyecto-de-ampliacion-de-la-planta-desaladora-del-sureste-para-garantizar-un-mejor-suministro-de-agua\/\"},\"author\":{\"name\":\"webmancomunidad\",\"@id\":\"https:\/\/surestegc.org\/#\/schema\/person\/2b532951ab9c618390fa6e9cff1a640f\"},\"headline\":\"Cabildo y la Mancomunidad del Sureste presentan el proyecto de ampliaci\u00f3n de la Planta Desaladora del Sureste para garantizar un mejor suministro de agua\",\"datePublished\":\"2024-12-02T14:53:23+00:00\",\"mainEntityOfPage\":{\"@id\":\"https:\/\/surestegc.org\/index.php\/2024\/12\/02\/cabildo-y-la-mancomunidad-del-sureste-presentan-el-proyecto-de-ampliacion-de-la-planta-desaladora-del-sureste-para-garantizar-un-mejor-suministro-de-agua\/\"},\"wordCount\":1137,\"commentCount\":0,\"publisher\":{\"@id\":\"https:\/\/surestegc.org\/#organization\"},\"image\":{\"@id\":\"https:\/\/surestegc.org\/index.php\/2024\/12\/02\/cabildo-y-la-mancomunidad-del-sureste-presentan-el-proyecto-de-ampliacion-de-la-planta-desaladora-del-sureste-para-garantizar-un-mejor-suministro-de-agua\/#primaryimage\"},\"thumbnailUrl\":\"https:\/\/surestegc.org\/wp-content\/uploads\/2024\/12\/ampliacion-desaladora-021224.jpg\",\"articleSection\":[\"Noticias\"],\"inLanguage\":\"es\",\"potentialAction\":[{\"@type\":\"CommentAction\",\"name\":\"Comment\",\"target\":[\"https:\/\/surestegc.org\/index.php\/2024\/12\/02\/cabildo-y-la-mancomunidad-del-sureste-presentan-el-proyecto-de-ampliacion-de-la-planta-desaladora-del-sureste-para-garantizar-un-mejor-suministro-de-agua\/#respond\"]}]},{\"@type\":\"WebPage\",\"@id\":\"https:\/\/surestegc.org\/index.php\/2024\/12\/02\/cabildo-y-la-mancomunidad-del-sureste-presentan-el-proyecto-de-ampliacion-de-la-planta-desaladora-del-sureste-para-garantizar-un-mejor-suministro-de-agua\/\",\"url\":\"https:\/\/surestegc.org\/index.php\/2024\/12\/02\/cabildo-y-la-mancomunidad-del-sureste-presentan-el-proyecto-de-ampliacion-de-la-planta-desaladora-del-sureste-para-garantizar-un-mejor-suministro-de-agua\/\",\"name\":\"Cabildo y la Mancomunidad del Sureste presentan el proyecto de ampliaci\u00f3n de la Planta Desaladora del Sureste para garantizar un mejor suministro de agua - Mancomunidad Sureste de Gran Canaria\",\"isPartOf\":{\"@id\":\"https:\/\/surestegc.org\/#website\"},\"primaryImageOfPage\":{\"@id\":\"https:\/\/surestegc.org\/index.php\/2024\/12\/02\/cabildo-y-la-mancomunidad-del-sureste-presentan-el-proyecto-de-ampliacion-de-la-planta-desaladora-del-sureste-para-garantizar-un-mejor-suministro-de-agua\/#primaryimage\"},\"image\":{\"@id\":\"https:\/\/surestegc.org\/index.php\/2024\/12\/02\/cabildo-y-la-mancomunidad-del-sureste-presentan-el-proyecto-de-ampliacion-de-la-planta-desaladora-del-sureste-para-garantizar-un-mejor-suministro-de-agua\/#primaryimage\"},\"thumbnailUrl\":\"https:\/\/surestegc.org\/wp-content\/uploads\/2024\/12\/ampliacion-desaladora-021224.jpg\",\"datePublished\":\"2024-12-02T14:53:23+00:00\",\"breadcrumb\":{\"@id\":\"https:\/\/surestegc.org\/index.php\/2024\/12\/02\/cabildo-y-la-mancomunidad-del-sureste-presentan-el-proyecto-de-ampliacion-de-la-planta-desaladora-del-sureste-para-garantizar-un-mejor-suministro-de-agua\/#breadcrumb\"},\"inLanguage\":\"es\",\"potentialAction\":[{\"@type\":\"ReadAction\",\"target\":[\"https:\/\/surestegc.org\/index.php\/2024\/12\/02\/cabildo-y-la-mancomunidad-del-sureste-presentan-el-proyecto-de-ampliacion-de-la-planta-desaladora-del-sureste-para-garantizar-un-mejor-suministro-de-agua\/\"]}]},{\"@type\":\"ImageObject\",\"inLanguage\":\"es\",\"@id\":\"https:\/\/surestegc.org\/index.php\/2024\/12\/02\/cabildo-y-la-mancomunidad-del-sureste-presentan-el-proyecto-de-ampliacion-de-la-planta-desaladora-del-sureste-para-garantizar-un-mejor-suministro-de-agua\/#primaryimage\",\"url\":\"https:\/\/surestegc.org\/wp-content\/uploads\/2024\/12\/ampliacion-desaladora-021224.jpg\",\"contentUrl\":\"https:\/\/surestegc.org\/wp-content\/uploads\/2024\/12\/ampliacion-desaladora-021224.jpg\",\"width\":1600,\"height\":1066},{\"@type\":\"BreadcrumbList\",\"@id\":\"https:\/\/surestegc.org\/index.php\/2024\/12\/02\/cabildo-y-la-mancomunidad-del-sureste-presentan-el-proyecto-de-ampliacion-de-la-planta-desaladora-del-sureste-para-garantizar-un-mejor-suministro-de-agua\/#breadcrumb\",\"itemListElement\":[{\"@type\":\"ListItem\",\"position\":1,\"name\":\"Portada\",\"item\":\"https:\/\/surestegc.org\/\"},{\"@type\":\"ListItem\",\"position\":2,\"name\":\"Cabildo y la Mancomunidad del Sureste presentan el proyecto de ampliaci\u00f3n de la Planta Desaladora del Sureste para garantizar un mejor suministro de agua\"}]},{\"@type\":\"WebSite\",\"@id\":\"https:\/\/surestegc.org\/#website\",\"url\":\"https:\/\/surestegc.org\/\",\"name\":\"Mancomunidad Sureste de Gran Canaria\",\"description\":\"La Mancomunidad Intermunicipal del Sureste de Gran Canaria, es una Mancomunidad situada en la isla de Gran Canaria, Espa\u00f1a, y que agrupa a los municipios de Santa Luc\u00eda de Tirajana, Ingenio y Ag\u00fcimes.\",\"publisher\":{\"@id\":\"https:\/\/surestegc.org\/#organization\"},\"potentialAction\":[{\"@type\":\"SearchAction\",\"target\":{\"@type\":\"EntryPoint\",\"urlTemplate\":\"https:\/\/surestegc.org\/?s={search_term_string}\"},\"query-input\":{\"@type\":\"PropertyValueSpecification\",\"valueRequired\":true,\"valueName\":\"search_term_string\"}}],\"inLanguage\":\"es\"},{\"@type\":\"Organization\",\"@id\":\"https:\/\/surestegc.org\/#organization\",\"name\":\"Mancomunidad Sureste de Gran Canaria\",\"url\":\"https:\/\/surestegc.org\/\",\"logo\":{\"@type\":\"ImageObject\",\"inLanguage\":\"es\",\"@id\":\"https:\/\/surestegc.org\/#\/schema\/logo\/image\/\",\"url\":\"https:\/\/surestegc.org\/wp-content\/uploads\/2023\/06\/cropped-Logo-Mancomunidad-so\u0301lo.png\",\"contentUrl\":\"https:\/\/surestegc.org\/wp-content\/uploads\/2023\/06\/cropped-Logo-Mancomunidad-so\u0301lo.png\",\"width\":200,\"height\":296,\"caption\":\"Mancomunidad Sureste de Gran Canaria\"},\"image\":{\"@id\":\"https:\/\/surestegc.org\/#\/schema\/logo\/image\/\"}},{\"@type\":\"Person\",\"@id\":\"https:\/\/surestegc.org\/#\/schema\/person\/2b532951ab9c618390fa6e9cff1a640f\",\"name\":\"webmancomunidad\",\"image\":{\"@type\":\"ImageObject\",\"inLanguage\":\"es\",\"@id\":\"https:\/\/surestegc.org\/#\/schema\/person\/image\/\",\"url\":\"https:\/\/secure.gravatar.com\/avatar\/c15716676bc4f27a8a5212f455be69fad2cff9d5c28c3cbff74577aa1734a274?s=96&d=mm&r=g\",\"contentUrl\":\"https:\/\/secure.gravatar.com\/avatar\/c15716676bc4f27a8a5212f455be69fad2cff9d5c28c3cbff74577aa1734a274?s=96&d=mm&r=g\",\"caption\":\"webmancomunidad\"},\"url\":\"https:\/\/surestegc.org\/index.php\/author\/webmancomunidad\/\"}]}<\/script>\n<!-- \/ Yoast SEO plugin. -->","yoast_head_json":{"title":"Cabildo y la Mancomunidad del Sureste presentan el proyecto de ampliaci\u00f3n de la Planta Desaladora del Sureste para garantizar un mejor suministro de agua - Mancomunidad Sureste de Gran Canaria","robots":{"index":"noindex","follow":"follow","max-snippet":"max-snippet:-1","max-image-preview":"max-image-preview:large","max-video-preview":"max-video-preview:-1"},"og_locale":"es_ES","og_type":"article","og_title":"Cabildo y la Mancomunidad del Sureste presentan el proyecto de ampliaci\u00f3n de la Planta Desaladora del Sureste para garantizar un mejor suministro de agua - Mancomunidad Sureste de Gran Canaria","og_description":"La mejora del suministro h\u00eddrico en la comarca con la ampliaci\u00f3n de la desaladora incluir\u00e1 tambi\u00e9n la instalaci\u00f3n de paneles solares para optimizar el consumo energ\u00e9tico [\u2026]","og_url":"https:\/\/surestegc.org\/index.php\/2024\/12\/02\/cabildo-y-la-mancomunidad-del-sureste-presentan-el-proyecto-de-ampliacion-de-la-planta-desaladora-del-sureste-para-garantizar-un-mejor-suministro-de-agua\/","og_site_name":"Mancomunidad Sureste de Gran Canaria","article_published_time":"2024-12-02T14:53:23+00:00","og_image":[{"width":1600,"height":1066,"url":"https:\/\/surestegc.org\/wp-content\/uploads\/2024\/12\/ampliacion-desaladora-021224.jpg","type":"image\/jpeg"}],"author":"webmancomunidad","twitter_card":"summary_large_image","twitter_misc":{"Escrito por":"webmancomunidad","Tiempo de lectura":"5 minutos"},"schema":{"@context":"https:\/\/schema.org","@graph":[{"@type":"Article","@id":"https:\/\/surestegc.org\/index.php\/2024\/12\/02\/cabildo-y-la-mancomunidad-del-sureste-presentan-el-proyecto-de-ampliacion-de-la-planta-desaladora-del-sureste-para-garantizar-un-mejor-suministro-de-agua\/#article","isPartOf":{"@id":"https:\/\/surestegc.org\/index.php\/2024\/12\/02\/cabildo-y-la-mancomunidad-del-sureste-presentan-el-proyecto-de-ampliacion-de-la-planta-desaladora-del-sureste-para-garantizar-un-mejor-suministro-de-agua\/"},"author":{"name":"webmancomunidad","@id":"https:\/\/surestegc.org\/#\/schema\/person\/2b532951ab9c618390fa6e9cff1a640f"},"headline":"Cabildo y la Mancomunidad del Sureste presentan el proyecto de ampliaci\u00f3n de la Planta Desaladora del Sureste para garantizar un mejor suministro de agua","datePublished":"2024-12-02T14:53:23+00:00","mainEntityOfPage":{"@id":"https:\/\/surestegc.org\/index.php\/2024\/12\/02\/cabildo-y-la-mancomunidad-del-sureste-presentan-el-proyecto-de-ampliacion-de-la-planta-desaladora-del-sureste-para-garantizar-un-mejor-suministro-de-agua\/"},"wordCount":1137,"commentCount":0,"publisher":{"@id":"https:\/\/surestegc.org\/#organization"},"image":{"@id":"https:\/\/surestegc.org\/index.php\/2024\/12\/02\/cabildo-y-la-mancomunidad-del-sureste-presentan-el-proyecto-de-ampliacion-de-la-planta-desaladora-del-sureste-para-garantizar-un-mejor-suministro-de-agua\/#primaryimage"},"thumbnailUrl":"https:\/\/surestegc.org\/wp-content\/uploads\/2024\/12\/ampliacion-desaladora-021224.jpg","articleSection":["Noticias"],"inLanguage":"es","potentialAction":[{"@type":"CommentAction","name":"Comment","target":["https:\/\/surestegc.org\/index.php\/2024\/12\/02\/cabildo-y-la-mancomunidad-del-sureste-presentan-el-proyecto-de-ampliacion-de-la-planta-desaladora-del-sureste-para-garantizar-un-mejor-suministro-de-agua\/#respond"]}]},{"@type":"WebPage","@id":"https:\/\/surestegc.org\/index.php\/2024\/12\/02\/cabildo-y-la-mancomunidad-del-sureste-presentan-el-proyecto-de-ampliacion-de-la-planta-desaladora-del-sureste-para-garantizar-un-mejor-suministro-de-agua\/","url":"https:\/\/surestegc.org\/index.php\/2024\/12\/02\/cabildo-y-la-mancomunidad-del-sureste-presentan-el-proyecto-de-ampliacion-de-la-planta-desaladora-del-sureste-para-garantizar-un-mejor-suministro-de-agua\/","name":"Cabildo y la Mancomunidad del Sureste presentan el proyecto de ampliaci\u00f3n de la Planta Desaladora del Sureste para garantizar un mejor suministro de agua - Mancomunidad Sureste de Gran Canaria","isPartOf":{"@id":"https:\/\/surestegc.org\/#website"},"primaryImageOfPage":{"@id":"https:\/\/surestegc.org\/index.php\/2024\/12\/02\/cabildo-y-la-mancomunidad-del-sureste-presentan-el-proyecto-de-ampliacion-de-la-planta-desaladora-del-sureste-para-garantizar-un-mejor-suministro-de-agua\/#primaryimage"},"image":{"@id":"https:\/\/surestegc.org\/index.php\/2024\/12\/02\/cabildo-y-la-mancomunidad-del-sureste-presentan-el-proyecto-de-ampliacion-de-la-planta-desaladora-del-sureste-para-garantizar-un-mejor-suministro-de-agua\/#primaryimage"},"thumbnailUrl":"https:\/\/surestegc.org\/wp-content\/uploads\/2024\/12\/ampliacion-desaladora-021224.jpg","datePublished":"2024-12-02T14:53:23+00:00","breadcrumb":{"@id":"https:\/\/surestegc.org\/index.php\/2024\/12\/02\/cabildo-y-la-mancomunidad-del-sureste-presentan-el-proyecto-de-ampliacion-de-la-planta-desaladora-del-sureste-para-garantizar-un-mejor-suministro-de-agua\/#breadcrumb"},"inLanguage":"es","potentialAction":[{"@type":"ReadAction","target":["https:\/\/surestegc.org\/index.php\/2024\/12\/02\/cabildo-y-la-mancomunidad-del-sureste-presentan-el-proyecto-de-ampliacion-de-la-planta-desaladora-del-sureste-para-garantizar-un-mejor-suministro-de-agua\/"]}]},{"@type":"ImageObject","inLanguage":"es","@id":"https:\/\/surestegc.org\/index.php\/2024\/12\/02\/cabildo-y-la-mancomunidad-del-sureste-presentan-el-proyecto-de-ampliacion-de-la-planta-desaladora-del-sureste-para-garantizar-un-mejor-suministro-de-agua\/#primaryimage","url":"https:\/\/surestegc.org\/wp-content\/uploads\/2024\/12\/ampliacion-desaladora-021224.jpg","contentUrl":"https:\/\/surestegc.org\/wp-content\/uploads\/2024\/12\/ampliacion-desaladora-021224.jpg","width":1600,"height":1066},{"@type":"BreadcrumbList","@id":"https:\/\/surestegc.org\/index.php\/2024\/12\/02\/cabildo-y-la-mancomunidad-del-sureste-presentan-el-proyecto-de-ampliacion-de-la-planta-desaladora-del-sureste-para-garantizar-un-mejor-suministro-de-agua\/#breadcrumb","itemListElement":[{"@type":"ListItem","position":1,"name":"Portada","item":"https:\/\/surestegc.org\/"},{"@type":"ListItem","position":2,"name":"Cabildo y la Mancomunidad del Sureste presentan el proyecto de ampliaci\u00f3n de la Planta Desaladora del Sureste para garantizar un mejor suministro de agua"}]},{"@type":"WebSite","@id":"https:\/\/surestegc.org\/#website","url":"https:\/\/surestegc.org\/","name":"Mancomunidad Sureste de Gran Canaria","description":"La Mancomunidad Intermunicipal del Sureste de Gran Canaria, es una Mancomunidad situada en la isla de Gran Canaria, Espa\u00f1a, y que agrupa a los municipios de Santa Luc\u00eda de Tirajana, Ingenio y Ag\u00fcimes.","publisher":{"@id":"https:\/\/surestegc.org\/#organization"},"potentialAction":[{"@type":"SearchAction","target":{"@type":"EntryPoint","urlTemplate":"https:\/\/surestegc.org\/?s={search_term_string}"},"query-input":{"@type":"PropertyValueSpecification","valueRequired":true,"valueName":"search_term_string"}}],"inLanguage":"es"},{"@type":"Organization","@id":"https:\/\/surestegc.org\/#organization","name":"Mancomunidad Sureste de Gran Canaria","url":"https:\/\/surestegc.org\/","logo":{"@type":"ImageObject","inLanguage":"es","@id":"https:\/\/surestegc.org\/#\/schema\/logo\/image\/","url":"https:\/\/surestegc.org\/wp-content\/uploads\/2023\/06\/cropped-Logo-Mancomunidad-so\u0301lo.png","contentUrl":"https:\/\/surestegc.org\/wp-content\/uploads\/2023\/06\/cropped-Logo-Mancomunidad-so\u0301lo.png","width":200,"height":296,"caption":"Mancomunidad Sureste de Gran Canaria"},"image":{"@id":"https:\/\/surestegc.org\/#\/schema\/logo\/image\/"}},{"@type":"Person","@id":"https:\/\/surestegc.org\/#\/schema\/person\/2b532951ab9c618390fa6e9cff1a640f","name":"webmancomunidad","image":{"@type":"ImageObject","inLanguage":"es","@id":"https:\/\/surestegc.org\/#\/schema\/person\/image\/","url":"https:\/\/secure.gravatar.com\/avatar\/c15716676bc4f27a8a5212f455be69fad2cff9d5c28c3cbff74577aa1734a274?s=96&d=mm&r=g","contentUrl":"https:\/\/secure.gravatar.com\/avatar\/c15716676bc4f27a8a5212f455be69fad2cff9d5c28c3cbff74577aa1734a274?s=96&d=mm&r=g","caption":"webmancomunidad"},"url":"https:\/\/surestegc.org\/index.php\/author\/webmancomunidad\/"}]}},"_links":{"self":[{"href":"https:\/\/surestegc.org\/index.php\/wp-json\/wp\/v2\/posts\/686","targetHints":{"allow":["GET"]}}],"collection":[{"href":"https:\/\/surestegc.org\/index.php\/wp-json\/wp\/v2\/posts"}],"about":[{"href":"https:\/\/surestegc.org\/index.php\/wp-json\/wp\/v2\/types\/post"}],"author":[{"embeddable":true,"href":"https:\/\/surestegc.org\/index.php\/wp-json\/wp\/v2\/users\/3"}],"replies":[{"embeddable":true,"href":"https:\/\/surestegc.org\/index.php\/wp-json\/wp\/v2\/comments?post=686"}],"version-history":[{"count":1,"href":"https:\/\/surestegc.org\/index.php\/wp-json\/wp\/v2\/posts\/686\/revisions"}],"predecessor-version":[{"id":688,"href":"https:\/\/surestegc.org\/index.php\/wp-json\/wp\/v2\/posts\/686\/revisions\/688"}],"wp:featuredmedia":[{"embeddable":true,"href":"https:\/\/surestegc.org\/index.php\/wp-json\/wp\/v2\/media\/687"}],"wp:attachment":[{"href":"https:\/\/surestegc.org\/index.php\/wp-json\/wp\/v2\/media?parent=686"}],"wp:term":[{"taxonomy":"category","embeddable":true,"href":"https:\/\/surestegc.org\/index.php\/wp-json\/wp\/v2\/categories?post=686"},{"taxonomy":"post_tag","embeddable":true,"href":"https:\/\/surestegc.org\/index.php\/wp-json\/wp\/v2\/tags?post=686"}],"curies":[{"name":"wp","href":"https:\/\/api.w.org\/{rel}","templated":true}]}}